{"id":10062,"date":"2014-06-01T11:38:42","date_gmt":"2014-06-01T14:38:42","guid":{"rendered":"http:\/\/www.blogdotarugao.com.br\/v1\/?p=10062"},"modified":"2014-06-01T11:38:42","modified_gmt":"2014-06-01T14:38:42","slug":"paulo-souto-defende-unidade-de-administracao-regional-no-oeste-baiano","status":"publish","type":"post","link":"https:\/\/www.blogdotarugao.com.br\/v1\/2014\/06\/01\/paulo-souto-defende-unidade-de-administracao-regional-no-oeste-baiano\/","title":{"rendered":"Paulo Souto defende unidade de administra\u00e7\u00e3o regional no Oeste baiano"},"content":{"rendered":"<div>\n<div><img title=\"Paulo Souto defende unidade de administra\u00e7\u00e3o regional no Oeste baiano\" alt=\"Paulo Souto defende unidade de administra\u00e7\u00e3o regional no Oeste baiano\" src=\"http:\/\/www.bahianoticias.com.br\/fotos\/principal_noticias\/155212\/xIMAGEM_NOTICIA_5.jpg.pagespeed.ic.wKbC8qlb0u.jpg\" \/><\/div>\n<div><\/div>\n<\/div>\n<div>O pr\u00e9-candidato ao governo da Bahia Paulo Souto (DEM) defendeu a implanta\u00e7\u00e3o de uma unidade de administra\u00e7\u00e3o regional, ligada diretamente ao gabinete do governador, na regi\u00e3o Oeste do estado, em evento neste s\u00e1bado (31), na cidade de Barreiras. A promessa j\u00e1 havia sido feita anteriormente, em rela\u00e7\u00e3o ao Extremo Sul baiano. \u201cEssas zonas territoriais, devido \u00e0 dist\u00e2ncia da capital, acabam sendo prejudicadas no atendimento de suas necessidades pelo estado\u201d, afirmou Souto, acompanhado pelos tamb\u00e9m pr\u00e9-candidatos Joaci G\u00f3es (vice) e Geddel Vieira Lima (senador), al\u00e9m dos prefeitos de Salvador, ACM Neto, e de Feira de Santana, Jos\u00e9 Ronaldo. Segundo o democrata, o verdadeiro desenvolvimento regional, com interioriza\u00e7\u00e3o e integra\u00e7\u00e3o da Bahia, somente se efetivar\u00e1 pela desconcentra\u00e7\u00e3o dos investimentos e pela descentraliza\u00e7\u00e3o administrativa. \u201cAl\u00e9m da \u00eanfase na retomada do processo de atra\u00e7\u00e3o de investimentos direcionados para o interior, a efetiva presen\u00e7a do governo nas regi\u00f5es mais distantes do estado vai eliminar a sensa\u00e7\u00e3o de abandono governamental e um poss\u00edvel sentimento separatista\u201d, opinou.<\/div>\n","protected":false},"excerpt":{"rendered":"<p>O pr\u00e9-candidato ao governo da Bahia Paulo Souto (DEM) defendeu a implanta\u00e7\u00e3o de uma unidade de administra\u00e7\u00e3o regional, ligada diretamente ao gabinete do governador, na regi\u00e3o Oeste do estado, em evento neste s\u00e1bado (31), na cidade de Barreiras. A promessa j\u00e1 havia sido feita anteriormente, em rela\u00e7\u00e3o ao Extremo Sul baiano. \u201cEssas zonas territoriais, devido [&hellip;]<\/p>\n","protected":false},"author":2,"featured_media":0,"comment_status":"open","ping_status":"open","sticky":false,"template":"","format":"standard","meta":{"_links_to":"","_links_to_target":""},"categories":[6,1,7],"tags":[],"_links":{"self":[{"href":"https:\/\/www.blogdotarugao.com.br\/v1\/wp-json\/wp\/v2\/posts\/10062"}],"collection":[{"href":"https:\/\/www.blogdotarugao.com.br\/v1\/wp-json\/wp\/v2\/posts"}],"about":[{"href":"https:\/\/www.blogdotarugao.com.br\/v1\/wp-json\/wp\/v2\/types\/post"}],"author":[{"embeddable":true,"href":"https:\/\/www.blogdotarugao.com.br\/v1\/wp-json\/wp\/v2\/users\/2"}],"replies":[{"embeddable":true,"href":"https:\/\/www.blogdotarugao.com.br\/v1\/wp-json\/wp\/v2\/comments?post=10062"}],"version-history":[{"count":1,"href":"https:\/\/www.blogdotarugao.com.br\/v1\/wp-json\/wp\/v2\/posts\/10062\/revisions"}],"predecessor-version":[{"id":10063,"href":"https:\/\/www.blogdotarugao.com.br\/v1\/wp-json\/wp\/v2\/posts\/10062\/revisions\/10063"}],"wp:attachment":[{"href":"https:\/\/www.blogdotarugao.com.br\/v1\/wp-json\/wp\/v2\/media?parent=10062"}],"wp:term":[{"taxonomy":"category","embeddable":true,"href":"https:\/\/www.blogdotarugao.com.br\/v1\/wp-json\/wp\/v2\/categories?post=10062"},{"taxonomy":"post_tag","embeddable":true,"href":"https:\/\/www.blogdotarugao.com.br\/v1\/wp-json\/wp\/v2\/tags?post=10062"}],"curies":[{"name":"wp","href":"https:\/\/api.w.org\/{rel}","templated":true}]}}