{"id":10104,"date":"2014-06-02T08:26:28","date_gmt":"2014-06-02T11:26:28","guid":{"rendered":"http:\/\/www.blogdotarugao.com.br\/v1\/?p=10104"},"modified":"2014-06-02T08:26:28","modified_gmt":"2014-06-02T11:26:28","slug":"geddel-promete-entrar-com-representacao-no-mpf-contra-prefeito-de-barra","status":"publish","type":"post","link":"https:\/\/www.blogdotarugao.com.br\/v1\/2014\/06\/02\/geddel-promete-entrar-com-representacao-no-mpf-contra-prefeito-de-barra\/","title":{"rendered":"Geddel promete entrar com representa\u00e7\u00e3o no MPF contra prefeito de Barra"},"content":{"rendered":"<div id=\"cke_pastebin\">O pr\u00e9-candidato ao Senado da Rep\u00fablica, Geddel Vieira Lima ((PMDB), come\u00e7ou este domingo (01) no munic\u00edpio de Barra, onde passou a manh\u00e3 ao lado dos postulantes ao governo do Estado, Paulo Souto (DEM), e a vice, Joaci G\u00f3es (PSDB). Eles participaram do encontro Unidos pela Bahia, na sede da AABB, e o sentimento de esperan\u00e7a da chapa oposicionista foi compartilhado pela multid\u00e3o que compareceu ao evento. As pessoas se queixaram do descaso da gest\u00e3o petista com a regi\u00e3o, constatando que no tempo de Paulo Souto era bem melhor.<\/div>\n<div id=\"cke_pastebin\"><\/div>\n<div id=\"cke_pastebin\">A recep\u00e7\u00e3o dos barrenses foi calorosa. O anfitri\u00e3o do encontro, o ex-prefeito da cidade, Deon\u00edsio de Assis, ressaltou os benef\u00edcios feitos por Geddel, quando ministro da Integra\u00e7\u00e3o. \u201cO ministro realizou uma s\u00e9rie de obras de saneamento por aqui, que n\u00e3o est\u00e3o sendo aproveitadas por incompet\u00eancia do atual prefeito\u201d, comentou.\n<\/div>\n<div><input title=\"Foto: Valter Pontes\" type=\"image\" alt=\"\" src=\"http:\/\/www.bocaonews.com.br\/ckfinder\/userfiles\/fotos_e_imagens\/POLITICA\/31_05_14_Barreiras_foto%20Valter%20Pontes_Coperphoto3.jpg\" \/><\/div>\n<div id=\"cke_pastebin\"><\/div>\n<div id=\"cke_pastebin\">Geddel, por sua vez, anunciou que entraria com representa\u00e7\u00e3o no Minist\u00e9rio P\u00fablico Federal contra o atual prefeito de Barra, Artur Silva Filho, por n\u00e3o estar aproveitando as obras de saneamento realizadas por ele, permitindo, assim, a polui\u00e7\u00e3o do Rio S\u00e3o Francisco. O peemedebista tamb\u00e9m reafirmou a sua determina\u00e7\u00e3o de ser a voz da Bahia no Senado para lutar pelos baianos.<\/div>\n<div id=\"cke_pastebin\"><\/div>\n<div id=\"cke_pastebin\">Ontem eles estiveram em Lu\u00eds Eduardo Magalh\u00e3es, junto com o prefeito ACM Neto, na feira de agroneg\u00f3cio 10\u00aa Bahia Farm Show. Ao contr\u00e1rio dos protestos sofridos pelo governador Jaques Wagner e sua comitiva, por onde circularam, os oposicionistas foram saudados com alegria por trabalhadores, produtores rurais, empres\u00e1rios, lideran\u00e7as pol\u00edticas e pelo povo da regi\u00e3o.<\/div>\n<div id=\"cke_pastebin\"><\/div>\n<div id=\"cke_pastebin\">Geddel, Paulo Souto e Joaci constataram a situa\u00e7\u00e3o ruim das estradas e tamb\u00e9m sentiram a indigna\u00e7\u00e3o da popula\u00e7\u00e3o com a escalada da viol\u00eancia e o caos da sa\u00fade p\u00fablica, por causa da desaten\u00e7\u00e3o governamental com a regi\u00e3o. O presidente do PMDB da Bahia garantiu lutar no Senado da Rep\u00fablica pela regi\u00e3o e pela Bahia.<\/div>\n","protected":false},"excerpt":{"rendered":"<p>O pr\u00e9-candidato ao Senado da Rep\u00fablica, Geddel Vieira Lima ((PMDB), come\u00e7ou este domingo (01) no munic\u00edpio de Barra, onde passou a manh\u00e3 ao lado dos postulantes ao governo do Estado, Paulo Souto (DEM), e a vice, Joaci G\u00f3es (PSDB). Eles participaram do encontro Unidos pela Bahia, na sede da AABB, e o sentimento de esperan\u00e7a [&hellip;]<\/p>\n","protected":false},"author":2,"featured_media":0,"comment_status":"open","ping_status":"open","sticky":false,"template":"","format":"standard","meta":{"_links_to":"","_links_to_target":""},"categories":[1,7],"tags":[],"_links":{"self":[{"href":"https:\/\/www.blogdotarugao.com.br\/v1\/wp-json\/wp\/v2\/posts\/10104"}],"collection":[{"href":"https:\/\/www.blogdotarugao.com.br\/v1\/wp-json\/wp\/v2\/posts"}],"about":[{"href":"https:\/\/www.blogdotarugao.com.br\/v1\/wp-json\/wp\/v2\/types\/post"}],"author":[{"embeddable":true,"href":"https:\/\/www.blogdotarugao.com.br\/v1\/wp-json\/wp\/v2\/users\/2"}],"replies":[{"embeddable":true,"href":"https:\/\/www.blogdotarugao.com.br\/v1\/wp-json\/wp\/v2\/comments?post=10104"}],"version-history":[{"count":1,"href":"https:\/\/www.blogdotarugao.com.br\/v1\/wp-json\/wp\/v2\/posts\/10104\/revisions"}],"predecessor-version":[{"id":10105,"href":"https:\/\/www.blogdotarugao.com.br\/v1\/wp-json\/wp\/v2\/posts\/10104\/revisions\/10105"}],"wp:attachment":[{"href":"https:\/\/www.blogdotarugao.com.br\/v1\/wp-json\/wp\/v2\/media?parent=10104"}],"wp:term":[{"taxonomy":"category","embeddable":true,"href":"https:\/\/www.blogdotarugao.com.br\/v1\/wp-json\/wp\/v2\/categories?post=10104"},{"taxonomy":"post_tag","embeddable":true,"href":"https:\/\/www.blogdotarugao.com.br\/v1\/wp-json\/wp\/v2\/tags?post=10104"}],"curies":[{"name":"wp","href":"https:\/\/api.w.org\/{rel}","templated":true}]}}