{"id":10145,"date":"2014-06-02T15:12:56","date_gmt":"2014-06-02T18:12:56","guid":{"rendered":"http:\/\/www.blogdotarugao.com.br\/v1\/?p=10145"},"modified":"2014-06-02T15:12:56","modified_gmt":"2014-06-02T18:12:56","slug":"mpf-recorre-para-restaurar-prisao-preventiva-de-marco-prisco","status":"publish","type":"post","link":"https:\/\/www.blogdotarugao.com.br\/v1\/2014\/06\/02\/mpf-recorre-para-restaurar-prisao-preventiva-de-marco-prisco\/","title":{"rendered":"MPF recorre para restaurar pris\u00e3o preventiva de Marco Prisco"},"content":{"rendered":"<div>\n<div><img title=\"MPF recorre para restaurar pris\u00e3o preventiva de Marco Prisco\" alt=\"MPF recorre para restaurar pris\u00e3o preventiva de Marco Prisco\" src=\"http:\/\/www.bahianoticias.com.br\/fotos\/principal_noticias\/155267\/xIMAGEM_NOTICIA_5.jpg.pagespeed.ic.--vQGfc0AW.jpg\" \/><\/p>\n<div>Foto: Max Haack \/ Ag. Haack \/ Bahia Not\u00edcias<\/div>\n<\/div>\n<div><\/div>\n<\/div>\n<div>\n<div id=\"cke_pastebin\">O Minist\u00e9rio P\u00fablico Federal na Bahia (MPF-BA) ajuizou recurso, neste s\u00e1bado (31), contra a decis\u00e3o judicial que<a href=\"http:\/\/www.bahianoticias.com.br\/noticia\/155173-prisco-tem-prisao-revogada-e-deve-deixar-presidio-da-papuda-nesta-sexta-feira.html\" target=\"_blank\"><strong>\u00a0revogou<\/strong><\/a>\u00a0a pris\u00e3o do vereador e l\u00edder grevista da Pol\u00edcia Militar Marco Prisco (PSDB) na \u00faltima sexta (30). De acordo com a procuradoria, a manuten\u00e7\u00e3o dele no Complexo da Papuda, pres\u00eddio de seguran\u00e7a m\u00e1xima fora do estado, \u00e9 \u201ca \u00fanica medida capaz de evitar novo risco \u00e0 seguran\u00e7a p\u00fablica\u201d.<!--more--> A libera\u00e7\u00e3o de Prisco foi determinada pela 17\u00aa Vara da Justi\u00e7a Federal, com o estabelecimento de medidas cautelares como o afastamento de associa\u00e7\u00f5es militares e a proibi\u00e7\u00e3o de sair de Salvador. O MPF-BA diz compartilhar do entendimento do Supremo Tribunal Federal (STF), que negou pedidos de habeas corpus impetrados pela defesa do vereador, com o argumento de que a liberdade do r\u00e9u configuraria \u201cuma cont\u00ednua amea\u00e7a \u00e0 coletividade, pois o fim da paralisa\u00e7\u00e3o da PM n\u00e3o fez cessar o risco que ele representa \u00e0 ordem p\u00fablica\u201d. Al\u00e9m disso, as medidas cautelares determinadas ao tucano, segundo a procuradoria, n\u00e3o seriam capazes de assegurar que ele deixe de \u201cincitar movimentos que desestabilizem a paz social\u201d. No recurso, que deve ser encaminhado ao STF, o MPF requer, al\u00e9m da reforma da decis\u00e3o judicial, a fixa\u00e7\u00e3o do prazo m\u00ednimo de 180 dias para a cust\u00f3dia do l\u00edder grevista. O vereador<a href=\"http:\/\/www.bahianoticias.com.br\/noticia\/155180-por-conta-da-fianca-prisco-so-deve-ser-liberado-a-partir-de-segunda-feira.html\" target=\"_blank\"><strong>aguarda<\/strong><\/a>\u00a0a efetiva\u00e7\u00e3o do pagamento de fian\u00e7a de R$ 21 mil, previsto para esta segunda (2), para ent\u00e3o deixar a pris\u00e3o.<\/div>\n<p>&nbsp;<\/p>\n<\/div>\n","protected":false},"excerpt":{"rendered":"<p>Foto: Max Haack \/ Ag. Haack \/ Bahia Not\u00edcias O Minist\u00e9rio P\u00fablico Federal na Bahia (MPF-BA) ajuizou recurso, neste s\u00e1bado (31), contra a decis\u00e3o judicial que\u00a0revogou\u00a0a pris\u00e3o do vereador e l\u00edder grevista da Pol\u00edcia Militar Marco Prisco (PSDB) na \u00faltima sexta (30). De acordo com a procuradoria, a manuten\u00e7\u00e3o dele no Complexo da Papuda, pres\u00eddio [&hellip;]<\/p>\n","protected":false},"author":2,"featured_media":0,"comment_status":"open","ping_status":"open","sticky":false,"template":"","format":"standard","meta":{"_links_to":"","_links_to_target":""},"categories":[18,1,7],"tags":[],"_links":{"self":[{"href":"https:\/\/www.blogdotarugao.com.br\/v1\/wp-json\/wp\/v2\/posts\/10145"}],"collection":[{"href":"https:\/\/www.blogdotarugao.com.br\/v1\/wp-json\/wp\/v2\/posts"}],"about":[{"href":"https:\/\/www.blogdotarugao.com.br\/v1\/wp-json\/wp\/v2\/types\/post"}],"author":[{"embeddable":true,"href":"https:\/\/www.blogdotarugao.com.br\/v1\/wp-json\/wp\/v2\/users\/2"}],"replies":[{"embeddable":true,"href":"https:\/\/www.blogdotarugao.com.br\/v1\/wp-json\/wp\/v2\/comments?post=10145"}],"version-history":[{"count":1,"href":"https:\/\/www.blogdotarugao.com.br\/v1\/wp-json\/wp\/v2\/posts\/10145\/revisions"}],"predecessor-version":[{"id":10146,"href":"https:\/\/www.blogdotarugao.com.br\/v1\/wp-json\/wp\/v2\/posts\/10145\/revisions\/10146"}],"wp:attachment":[{"href":"https:\/\/www.blogdotarugao.com.br\/v1\/wp-json\/wp\/v2\/media?parent=10145"}],"wp:term":[{"taxonomy":"category","embeddable":true,"href":"https:\/\/www.blogdotarugao.com.br\/v1\/wp-json\/wp\/v2\/categories?post=10145"},{"taxonomy":"post_tag","embeddable":true,"href":"https:\/\/www.blogdotarugao.com.br\/v1\/wp-json\/wp\/v2\/tags?post=10145"}],"curies":[{"name":"wp","href":"https:\/\/api.w.org\/{rel}","templated":true}]}}