{"id":10189,"date":"2014-06-03T08:20:09","date_gmt":"2014-06-03T11:20:09","guid":{"rendered":"http:\/\/www.blogdotarugao.com.br\/v1\/?p=10189"},"modified":"2014-06-03T08:20:09","modified_gmt":"2014-06-03T11:20:09","slug":"em-familia-cadu-sai-de-casa-e-clara-comeca-namoro-com-marina","status":"publish","type":"post","link":"https:\/\/www.blogdotarugao.com.br\/v1\/2014\/06\/03\/em-familia-cadu-sai-de-casa-e-clara-comeca-namoro-com-marina\/","title":{"rendered":"Em Fam\u00edlia: Cadu sai de casa e Clara come\u00e7a namoro com Marina"},"content":{"rendered":"<p>Namoro ser\u00e1 subentendido para o p\u00fablico e a princ\u00edpio n\u00e3o h\u00e1 previs\u00e3o de beijo<\/p>\n<p>Mudan\u00e7a \u00e0 vista! Depois de muito tempo de flerte, Clara (Giovanna Antonelli) e Marina (Tain\u00e1 M\u00fcller) v\u00e3o assumir um romance na novela &#8220;Em Fam\u00edlia&#8221;. Nos pr\u00f3ximos cap\u00edtulos, Clara se separa de Cadu (Reynaldo Gianecchini) e se prepara para viver um novo amor. O chef de cozinha, por sua vez, vai se aproximar de Ver\u00f4nica (Helena Ranaldi).<\/p>\n<p>Vai ser Cadu quem decide terminar o casamento, depois de ver a esposa junto com a fot\u00f3grafa no galp\u00e3o. Ele percebe o clima entre as duas e desabafa dizendo que n\u00e3o aguenta mais aquilo.<\/p>\n<p>&#8220;Te esperei at\u00e9 hoje porque te amo. E nunca imaginei que a gente fosse acabar assim, de maneira t\u00e3o melanc\u00f3lica. Mas se voc\u00ea n\u00e3o tem coragem de assumir suas escolhas, de ser sincera com voc\u00ea mesma, fa\u00e7o eu por n\u00f3s dois: pra mim deu, Clara. T\u00f4 fora! Nosso casamento termina aqui!&#8221;, diz Cadu.<\/p>\n<p>Sem Cadu por perto, vai ser Marina quem vai consolar Clara, o que irrita ainda mais o chef.<\/p>\n<p>&#8220;Tanto insistiu que conseguiu o que queria! Pode comemorar: a Clara n\u00e3o tem mais marido! O caminho t\u00e1 livre pra voc\u00ea!&#8221;, ataca Cadu. &#8220;N\u00e3o coloca na Marina a responsabilidade pelo fracasso da nossa rela\u00e7\u00e3o! A gente j\u00e1 n\u00e3o estava bem h\u00e1 muito tempo. E talvez por isso mesmo ela tenha entrado na minha vida!&#8221;, vai interferir Clara.<\/p>\n<table>\n<thead>\n<tr>\n<th scope=\"col\"><img loading=\"lazy\" alt=\"\" src=\"http:\/\/w3.c24hsttc.net\/uploads\/RTEmagicC_marinaeclara.jpg.jpg\" width=\"620\" height=\"403\" \/><\/th>\n<\/tr>\n<\/thead>\n<tbody>\n<tr>\n<td>Namoro de Marina e Clara ser\u00e1 subentendido, mas sem beijos (Foto: TV Globo)<\/td>\n<\/tr>\n<\/tbody>\n<\/table>\n<p><!--more-->&#8220;Pois fa\u00e7a bom proveito! Voc\u00ea n\u00e3o me deve mais satisfa\u00e7\u00e3o. Eu s\u00f3 n\u00e3o meto a m\u00e3o na sua cara porque n\u00e3o bato em mulher. Porque se voc\u00ea fosse homem, era exatamente isso que voc\u00ea merecia!&#8221;, diz Cadu, encarando Marina. Clara insiste: &#8220;deixa a Marina fora disso!&#8221;.<\/p>\n<p>Clara e Marina v\u00e3o engatar um namoro, mas que deve ficar apenas subentendido para o p\u00fablico &#8211; n\u00e3o h\u00e1 previs\u00e3o de beijos. Clara faz planos de ir morar com a fot\u00f3grafa, mas tenta planejar como aproximar a morena do filho.<\/p>\n<p>Depois da briga, Cadu sair\u00e1 de casa e vai morar em um hotel por um tempo. Logo depois, Ver\u00f4nica, de quem ele vai se aproximar cada vez mais, o convidar\u00e1 para dividir o flat com ela. Ele aceita e compartilha a novidade com Ivan (Vitor Figueiredo).\u00a0 &#8220;Vou dividir o apartamento com a Ver\u00f4nica, aquela amiga do papai, sabe?&#8221;, explica. &#8220;Sei. Mas ela \u00e9 sua amiga igual a Marina \u00e9 amiga da mam\u00e3e?&#8221;, quer saber o menino.<\/p>\n","protected":false},"excerpt":{"rendered":"<p>Namoro ser\u00e1 subentendido para o p\u00fablico e a princ\u00edpio n\u00e3o h\u00e1 previs\u00e3o de beijo Mudan\u00e7a \u00e0 vista! Depois de muito tempo de flerte, Clara (Giovanna Antonelli) e Marina (Tain\u00e1 M\u00fcller) v\u00e3o assumir um romance na novela &#8220;Em Fam\u00edlia&#8221;. Nos pr\u00f3ximos cap\u00edtulos, Clara se separa de Cadu (Reynaldo Gianecchini) e se prepara para viver um novo [&hellip;]<\/p>\n","protected":false},"author":2,"featured_media":0,"comment_status":"open","ping_status":"open","sticky":false,"template":"","format":"standard","meta":{"_links_to":"","_links_to_target":""},"categories":[23],"tags":[],"_links":{"self":[{"href":"https:\/\/www.blogdotarugao.com.br\/v1\/wp-json\/wp\/v2\/posts\/10189"}],"collection":[{"href":"https:\/\/www.blogdotarugao.com.br\/v1\/wp-json\/wp\/v2\/posts"}],"about":[{"href":"https:\/\/www.blogdotarugao.com.br\/v1\/wp-json\/wp\/v2\/types\/post"}],"author":[{"embeddable":true,"href":"https:\/\/www.blogdotarugao.com.br\/v1\/wp-json\/wp\/v2\/users\/2"}],"replies":[{"embeddable":true,"href":"https:\/\/www.blogdotarugao.com.br\/v1\/wp-json\/wp\/v2\/comments?post=10189"}],"version-history":[{"count":1,"href":"https:\/\/www.blogdotarugao.com.br\/v1\/wp-json\/wp\/v2\/posts\/10189\/revisions"}],"predecessor-version":[{"id":10190,"href":"https:\/\/www.blogdotarugao.com.br\/v1\/wp-json\/wp\/v2\/posts\/10189\/revisions\/10190"}],"wp:attachment":[{"href":"https:\/\/www.blogdotarugao.com.br\/v1\/wp-json\/wp\/v2\/media?parent=10189"}],"wp:term":[{"taxonomy":"category","embeddable":true,"href":"https:\/\/www.blogdotarugao.com.br\/v1\/wp-json\/wp\/v2\/categories?post=10189"},{"taxonomy":"post_tag","embeddable":true,"href":"https:\/\/www.blogdotarugao.com.br\/v1\/wp-json\/wp\/v2\/tags?post=10189"}],"curies":[{"name":"wp","href":"https:\/\/api.w.org\/{rel}","templated":true}]}}