{"id":10352,"date":"2014-06-05T01:12:33","date_gmt":"2014-06-05T04:12:33","guid":{"rendered":"http:\/\/www.blogdotarugao.com.br\/v1\/?p=10352"},"modified":"2014-06-05T01:40:23","modified_gmt":"2014-06-05T04:40:23","slug":"deputado-promete-apresentar-provas-de-direcionamentos-de-licitacoes-do-governo-wagnerfoto-max-haack-ag-haack-bahia-noticias-o-deputado-estadual-carlos-gaban-convocou-a-imprensa-para-uma-entrev","status":"publish","type":"post","link":"https:\/\/www.blogdotarugao.com.br\/v1\/2014\/06\/05\/deputado-promete-apresentar-provas-de-direcionamentos-de-licitacoes-do-governo-wagnerfoto-max-haack-ag-haack-bahia-noticias-o-deputado-estadual-carlos-gaban-convocou-a-imprensa-para-uma-entrev\/","title":{"rendered":"Deputado promete apresentar provas de &#8216;direcionamentos de licita\u00e7\u00f5es&#8217; do governo Wagner"},"content":{"rendered":"<div>\n<div><img title=\"Deputado promete apresentar provas de 'direcionamentos de licita\u00e7\u00f5es' do governo Wagner\" alt=\"Deputado promete apresentar provas de 'direcionamentos de licita\u00e7\u00f5es' do governo Wagner\" src=\"http:\/\/www.bahianoticias.com.br\/fotos\/principal_noticias\/155375\/xIMAGEM_NOTICIA_5.jpg.pagespeed.ic.qR9n1AFoKR.jpg\" \/><\/p>\n<div>Foto: Max Haack\/ Ag. Haack\/ Bahia Not\u00edcias<\/div>\n<\/div>\n<div><\/div>\n<\/div>\n<div><strong>O deputado estadual Carlos Gaban convocou a imprensa para uma entrevista coletiva nesta quinta-feira (5), \u00e0s 15h, na Lideran\u00e7a do DEM na Assembleia Legislativa, na qual promete fazer uma &#8220;den\u00fancia bomb\u00e1stica&#8221; contra o governo de Jaques Wagner (PT). Em contato com o Bahia Not\u00edcias, o parlamentar disse que reuniu um farto volume de documenta\u00e7\u00e3o que supostamente comprova &#8220;direcionamentos de editais&#8221; de concorr\u00eancia p\u00fablica no Estado. &#8220;Peguei as informa\u00e7\u00f5es, publiquei o resultado e depois bateu: confirmou mais de R$ 200 milh\u00f5es de licita\u00e7\u00f5es viciadas&#8221;, apontou. Segundo o democrata, j\u00e1 est\u00e3o preparados of\u00edcios de encaminhamento dos pap\u00e9is para os minist\u00e9rios p\u00fablicos Estadual (MP-BA) e Federal, al\u00e9m do Tribunal de Contas do Estado (TCE).<\/strong><\/div>\n","protected":false},"excerpt":{"rendered":"<p>Foto: Max Haack\/ Ag. Haack\/ Bahia Not\u00edcias O deputado estadual Carlos Gaban convocou a imprensa para uma entrevista coletiva nesta quinta-feira (5), \u00e0s 15h, na Lideran\u00e7a do DEM na Assembleia Legislativa, na qual promete fazer uma &#8220;den\u00fancia bomb\u00e1stica&#8221; contra o governo de Jaques Wagner (PT). Em contato com o Bahia Not\u00edcias, o parlamentar disse que [&hellip;]<\/p>\n","protected":false},"author":2,"featured_media":0,"comment_status":"open","ping_status":"open","sticky":false,"template":"","format":"standard","meta":{"_links_to":"","_links_to_target":""},"categories":[1,7],"tags":[],"_links":{"self":[{"href":"https:\/\/www.blogdotarugao.com.br\/v1\/wp-json\/wp\/v2\/posts\/10352"}],"collection":[{"href":"https:\/\/www.blogdotarugao.com.br\/v1\/wp-json\/wp\/v2\/posts"}],"about":[{"href":"https:\/\/www.blogdotarugao.com.br\/v1\/wp-json\/wp\/v2\/types\/post"}],"author":[{"embeddable":true,"href":"https:\/\/www.blogdotarugao.com.br\/v1\/wp-json\/wp\/v2\/users\/2"}],"replies":[{"embeddable":true,"href":"https:\/\/www.blogdotarugao.com.br\/v1\/wp-json\/wp\/v2\/comments?post=10352"}],"version-history":[{"count":2,"href":"https:\/\/www.blogdotarugao.com.br\/v1\/wp-json\/wp\/v2\/posts\/10352\/revisions"}],"predecessor-version":[{"id":10361,"href":"https:\/\/www.blogdotarugao.com.br\/v1\/wp-json\/wp\/v2\/posts\/10352\/revisions\/10361"}],"wp:attachment":[{"href":"https:\/\/www.blogdotarugao.com.br\/v1\/wp-json\/wp\/v2\/media?parent=10352"}],"wp:term":[{"taxonomy":"category","embeddable":true,"href":"https:\/\/www.blogdotarugao.com.br\/v1\/wp-json\/wp\/v2\/categories?post=10352"},{"taxonomy":"post_tag","embeddable":true,"href":"https:\/\/www.blogdotarugao.com.br\/v1\/wp-json\/wp\/v2\/tags?post=10352"}],"curies":[{"name":"wp","href":"https:\/\/api.w.org\/{rel}","templated":true}]}}