{"id":10424,"date":"2014-06-05T22:24:02","date_gmt":"2014-06-06T01:24:02","guid":{"rendered":"http:\/\/www.blogdotarugao.com.br\/v1\/?p=10424"},"modified":"2014-06-05T22:24:02","modified_gmt":"2014-06-06T01:24:02","slug":"em-familia-clara-e-marina-dormem-juntas-pela-primeira-vez","status":"publish","type":"post","link":"https:\/\/www.blogdotarugao.com.br\/v1\/2014\/06\/05\/em-familia-clara-e-marina-dormem-juntas-pela-primeira-vez\/","title":{"rendered":"Em Fam\u00edlia: Clara e Marina dormem juntas pela primeira vez"},"content":{"rendered":"<p><img loading=\"lazy\" alt=\"\" src=\"http:\/\/noticiasdatv.uol.com.br\/application\/public\/img\/noticias\/625_315_1401941735clara-e-marina-felizes.jpg\" width=\"625\" height=\"315\" \/><\/p>\n<div>Giovanna Antonelli (Clara) e Tain\u00e1 M\u00fcller (Marina) em cena exibida ontem (4) na novela Em Fam\u00edlia<\/div>\n<div>\n<p>Clara (Giovanna Antonelli) e Marina (Tain\u00e1 M\u00fcller) v\u00e3o dormir juntas pela primeira vez na novela Em Fam\u00edlia. Elas\u00a0aparecer\u00e3o juntinhas deitadas na cama da fot\u00f3grafa, mas a cena n\u00e3o mostrar\u00e1 intimidades do casal, que assumir\u00e1 o romance na pr\u00f3xima semana. Elas v\u00e3o surgir bem \u00e0 vontade, vendo um filme rom\u00e2ntico na TV. Na sequ\u00eancia, as duas ir\u00e3o\u00a0\u00e0 feira e almo\u00e7ar\u00e3o\u00a0com Ivan (Vitor Figueiredo), filho de Clara.<\/p>\n<p>Antes de ir dormir com a namorada, a irm\u00e3 de Helena (Julia Lemmertz) vai passar na casa de Cadu (Reynaldo Gianecchini) para deixar o filho. Ap\u00f3s se separar, o que acontece no cap\u00edtulo do dia 11, o chef passar\u00e1 um tempo em um hotel, mas depois vai dividir apartamento com Ver\u00f4nica (Helena Ranaldi), a princ\u00edpio somente como amigo.<\/p>\n<p>Desde a primeira cena do casal Clarina assumido, a filha de Chica (Nat\u00e1lia do Vale) vai se mostrar muito preocupada em como falar com o filho sobre seu novo relacionamento. \u201cTenho medo do Ivan n\u00e3o aceitar voc\u00ea. Tenho mais medo do que as pessoas v\u00e3o falar de mim pra ele, entende?\u201d, dir\u00e1 ela, quando estiver deitada com Marina.<\/p>\n<p>\u201cA sociedade avan\u00e7ou, mas ainda \u00e9 muito preconceituosa. Ainda h\u00e1 gente que julga o amor entre duas pessoas do mesmo sexo como um ato imoral. \u00c9 um pensamento atrasado de muita gente pr\u00f3ximas a n\u00f3s, viu?\u00a0 \u00c9 uma batalha que n\u00f3s teremos para o resto da vida\u201d, falar\u00e1 Marina.<\/p>\n<p>As cenas das duas dormindo juntas e indo \u00e0 feira devem ir ao ar no dia 16 de junho.<\/p>\n<\/div>\n","protected":false},"excerpt":{"rendered":"<p>Giovanna Antonelli (Clara) e Tain\u00e1 M\u00fcller (Marina) em cena exibida ontem (4) na novela Em Fam\u00edlia Clara (Giovanna Antonelli) e Marina (Tain\u00e1 M\u00fcller) v\u00e3o dormir juntas pela primeira vez na novela Em Fam\u00edlia. Elas\u00a0aparecer\u00e3o juntinhas deitadas na cama da fot\u00f3grafa, mas a cena n\u00e3o mostrar\u00e1 intimidades do casal, que assumir\u00e1 o romance na pr\u00f3xima semana. [&hellip;]<\/p>\n","protected":false},"author":2,"featured_media":0,"comment_status":"open","ping_status":"open","sticky":false,"template":"","format":"standard","meta":{"_links_to":"","_links_to_target":""},"categories":[23],"tags":[],"_links":{"self":[{"href":"https:\/\/www.blogdotarugao.com.br\/v1\/wp-json\/wp\/v2\/posts\/10424"}],"collection":[{"href":"https:\/\/www.blogdotarugao.com.br\/v1\/wp-json\/wp\/v2\/posts"}],"about":[{"href":"https:\/\/www.blogdotarugao.com.br\/v1\/wp-json\/wp\/v2\/types\/post"}],"author":[{"embeddable":true,"href":"https:\/\/www.blogdotarugao.com.br\/v1\/wp-json\/wp\/v2\/users\/2"}],"replies":[{"embeddable":true,"href":"https:\/\/www.blogdotarugao.com.br\/v1\/wp-json\/wp\/v2\/comments?post=10424"}],"version-history":[{"count":1,"href":"https:\/\/www.blogdotarugao.com.br\/v1\/wp-json\/wp\/v2\/posts\/10424\/revisions"}],"predecessor-version":[{"id":10425,"href":"https:\/\/www.blogdotarugao.com.br\/v1\/wp-json\/wp\/v2\/posts\/10424\/revisions\/10425"}],"wp:attachment":[{"href":"https:\/\/www.blogdotarugao.com.br\/v1\/wp-json\/wp\/v2\/media?parent=10424"}],"wp:term":[{"taxonomy":"category","embeddable":true,"href":"https:\/\/www.blogdotarugao.com.br\/v1\/wp-json\/wp\/v2\/categories?post=10424"},{"taxonomy":"post_tag","embeddable":true,"href":"https:\/\/www.blogdotarugao.com.br\/v1\/wp-json\/wp\/v2\/tags?post=10424"}],"curies":[{"name":"wp","href":"https:\/\/api.w.org\/{rel}","templated":true}]}}