{"id":1043,"date":"2013-12-03T19:19:31","date_gmt":"2013-12-03T22:19:31","guid":{"rendered":"http:\/\/www.blogdotarugao.com.br\/v1\/?p=1043"},"modified":"2013-12-03T19:19:31","modified_gmt":"2013-12-03T22:19:31","slug":"genoino-pede-renuncia-de-mandato-e-poe-fim-a-processo-de-cassacao","status":"publish","type":"post","link":"https:\/\/www.blogdotarugao.com.br\/v1\/2013\/12\/03\/genoino-pede-renuncia-de-mandato-e-poe-fim-a-processo-de-cassacao\/","title":{"rendered":"Genoino pede ren\u00fancia de mandato e p\u00f5e fim a processo de cassa\u00e7\u00e3o"},"content":{"rendered":"<div>\n<div><img alt=\"Genoino pede ren\u00fancia de mandato e p\u00f5e fim a processo de cassa\u00e7\u00e3o\" src=\"http:\/\/www.bahianoticias.com.br\/fotos\/principal_noticias\/147379\/xIMAGEM_NOTICIA_5.jpg.pagespeed.ic.BD4E0oCYoM.jpg\" \/><\/div>\n<div><\/div>\n<\/div>\n<div>\n<div id=\"cke_pastebin\"><strong>O deputado federal Jos\u00e9 Genoino (PT) condenado no processo do mensal\u00e3o, pediu ren\u00fancia do mandato no in\u00edcio da tarde desta ter\u00e7a-feira (3). O pedido do parlamentar foi transmitido pelo 1\u00b0 vice-presidente da C\u00e2mara, Andr\u00e9 Vargas (PT-PR), durante reuni\u00e3o na Mesa Diretora da Casa que tratava da abertura do processo de cassa\u00e7\u00e3o de Genoino.<\/strong><\/div>\n<div><\/div>\n<div><\/div>\n<div><\/div>\n<div><strong> Segundo o deputado Cl\u00e1udio Cajado (DEM), que participou da reuni\u00e3o, em contato com o Bahia Not\u00edcias, o ato foi &#8220;surpreendente&#8221;. Com a ren\u00fancia do petista, o deputado automaticamente perde o mandato e p\u00f5e fim ao processo de cassa\u00e7\u00e3o. O requerimento de desist\u00eancia do cargo deve ser publicado no Di\u00e1rio Oficial da Uni\u00e3o (DOU) nesta quarta-feira (4).<\/strong><\/div>\n<\/div>\n","protected":false},"excerpt":{"rendered":"<p>O deputado federal Jos\u00e9 Genoino (PT) condenado no processo do mensal\u00e3o, pediu ren\u00fancia do mandato no in\u00edcio da tarde desta ter\u00e7a-feira (3). O pedido do parlamentar foi transmitido pelo 1\u00b0 vice-presidente da C\u00e2mara, Andr\u00e9 Vargas (PT-PR), durante reuni\u00e3o na Mesa Diretora da Casa que tratava da abertura do processo de cassa\u00e7\u00e3o de Genoino. Segundo o [&hellip;]<\/p>\n","protected":false},"author":2,"featured_media":0,"comment_status":"open","ping_status":"open","sticky":false,"template":"","format":"standard","meta":{"_links_to":"","_links_to_target":""},"categories":[7],"tags":[],"_links":{"self":[{"href":"https:\/\/www.blogdotarugao.com.br\/v1\/wp-json\/wp\/v2\/posts\/1043"}],"collection":[{"href":"https:\/\/www.blogdotarugao.com.br\/v1\/wp-json\/wp\/v2\/posts"}],"about":[{"href":"https:\/\/www.blogdotarugao.com.br\/v1\/wp-json\/wp\/v2\/types\/post"}],"author":[{"embeddable":true,"href":"https:\/\/www.blogdotarugao.com.br\/v1\/wp-json\/wp\/v2\/users\/2"}],"replies":[{"embeddable":true,"href":"https:\/\/www.blogdotarugao.com.br\/v1\/wp-json\/wp\/v2\/comments?post=1043"}],"version-history":[{"count":1,"href":"https:\/\/www.blogdotarugao.com.br\/v1\/wp-json\/wp\/v2\/posts\/1043\/revisions"}],"predecessor-version":[{"id":1044,"href":"https:\/\/www.blogdotarugao.com.br\/v1\/wp-json\/wp\/v2\/posts\/1043\/revisions\/1044"}],"wp:attachment":[{"href":"https:\/\/www.blogdotarugao.com.br\/v1\/wp-json\/wp\/v2\/media?parent=1043"}],"wp:term":[{"taxonomy":"category","embeddable":true,"href":"https:\/\/www.blogdotarugao.com.br\/v1\/wp-json\/wp\/v2\/categories?post=1043"},{"taxonomy":"post_tag","embeddable":true,"href":"https:\/\/www.blogdotarugao.com.br\/v1\/wp-json\/wp\/v2\/tags?post=1043"}],"curies":[{"name":"wp","href":"https:\/\/api.w.org\/{rel}","templated":true}]}}