{"id":1049,"date":"2013-12-03T19:51:09","date_gmt":"2013-12-03T22:51:09","guid":{"rendered":"http:\/\/www.blogdotarugao.com.br\/v1\/?p=1049"},"modified":"2013-12-03T19:51:09","modified_gmt":"2013-12-03T22:51:09","slug":"mensalao-condenados-recorrem-ao-stf-para-evitar-prisao-imediata","status":"publish","type":"post","link":"https:\/\/www.blogdotarugao.com.br\/v1\/2013\/12\/03\/mensalao-condenados-recorrem-ao-stf-para-evitar-prisao-imediata\/","title":{"rendered":"Mensal\u00e3o: Condenados recorrem ao STF para evitar pris\u00e3o imediata"},"content":{"rendered":"<div>\n<div><img alt=\"Mensal\u00e3o: Condenados recorrem ao STF para evitar pris\u00e3o imediata\" src=\"http:\/\/www.bahianoticias.com.br\/fotos\/principal_noticias\/147391\/xIMAGEM_NOTICIA_5.jpg.pagespeed.ic.-wJD-SqihF.jpg\" \/><\/p>\n<h5>Foto: Reprodu\u00e7\u00e3o<\/h5>\n<\/div>\n<div><\/div>\n<\/div>\n<div>A defesa de dois condenados na A\u00e7\u00e3o Penal 470, o processo do mensal\u00e3o, entraram nesta ter\u00e7a-feira (3) no Supremo Tribunal Federal (STF) com habeas corpus preventivo para evitar a pris\u00e3o imediata.<\/div>\n<div><\/div>\n<div><\/div>\n<div><\/div>\n<div><\/div>\n<div><\/div>\n<div>Nesta segunda-feira (2), o presidente do Supremo, Joaquim Barbosa, negou recurso e determinou o fim do processo para o ex-deputado federal do PL (atual PR) Bispo Rodrigues e o ex-deputado federal Pedro Corr\u00eaa (PP-PE). Rodrigues foi condenado a seis anos e tr\u00eas meses de pris\u00e3o por corrup\u00e7\u00e3o passiva e lavagem de dinheiro; e Corr\u00eaa, a sete anos e dois meses de pris\u00e3o. Segundo a Ag\u00eancia Brasil, nas peti\u00e7\u00f5es apresentadas ao Supremo, os advogados pedem que Rodrigues e Corr\u00eaa possam aguardar o julgamento dos embargos infringentes em liberdade at\u00e9 decis\u00e3o do plen\u00e1rio da Corte. Segundo eles, Barbosa n\u00e3o poderia ter determinado individualmente o fim do processo, quando n\u00e3o h\u00e1 mais possibilidade de recursos.<\/div>\n<div><\/div>\n<div><\/div>\n<div><\/div>\n<div><\/div>\n<div><\/div>\n<div><\/div>\n<div>Barbosa seguiu parecer do procurador-geral da Rep\u00fablica, Rodrigo Janot. Ele se manifestou a favor da pris\u00e3o imediata por entender que as penas devem ser executadas imediatamente porque n\u00e3o cabe mais recurso contra as condena\u00e7\u00f5es.<\/div>\n","protected":false},"excerpt":{"rendered":"<p>Foto: Reprodu\u00e7\u00e3o A defesa de dois condenados na A\u00e7\u00e3o Penal 470, o processo do mensal\u00e3o, entraram nesta ter\u00e7a-feira (3) no Supremo Tribunal Federal (STF) com habeas corpus preventivo para evitar a pris\u00e3o imediata. Nesta segunda-feira (2), o presidente do Supremo, Joaquim Barbosa, negou recurso e determinou o fim do processo para o ex-deputado federal do [&hellip;]<\/p>\n","protected":false},"author":2,"featured_media":0,"comment_status":"open","ping_status":"open","sticky":false,"template":"","format":"standard","meta":{"_links_to":"","_links_to_target":""},"categories":[7],"tags":[],"_links":{"self":[{"href":"https:\/\/www.blogdotarugao.com.br\/v1\/wp-json\/wp\/v2\/posts\/1049"}],"collection":[{"href":"https:\/\/www.blogdotarugao.com.br\/v1\/wp-json\/wp\/v2\/posts"}],"about":[{"href":"https:\/\/www.blogdotarugao.com.br\/v1\/wp-json\/wp\/v2\/types\/post"}],"author":[{"embeddable":true,"href":"https:\/\/www.blogdotarugao.com.br\/v1\/wp-json\/wp\/v2\/users\/2"}],"replies":[{"embeddable":true,"href":"https:\/\/www.blogdotarugao.com.br\/v1\/wp-json\/wp\/v2\/comments?post=1049"}],"version-history":[{"count":1,"href":"https:\/\/www.blogdotarugao.com.br\/v1\/wp-json\/wp\/v2\/posts\/1049\/revisions"}],"predecessor-version":[{"id":1050,"href":"https:\/\/www.blogdotarugao.com.br\/v1\/wp-json\/wp\/v2\/posts\/1049\/revisions\/1050"}],"wp:attachment":[{"href":"https:\/\/www.blogdotarugao.com.br\/v1\/wp-json\/wp\/v2\/media?parent=1049"}],"wp:term":[{"taxonomy":"category","embeddable":true,"href":"https:\/\/www.blogdotarugao.com.br\/v1\/wp-json\/wp\/v2\/categories?post=1049"},{"taxonomy":"post_tag","embeddable":true,"href":"https:\/\/www.blogdotarugao.com.br\/v1\/wp-json\/wp\/v2\/tags?post=1049"}],"curies":[{"name":"wp","href":"https:\/\/api.w.org\/{rel}","templated":true}]}}