{"id":10531,"date":"2014-06-07T11:09:19","date_gmt":"2014-06-07T14:09:19","guid":{"rendered":"http:\/\/www.blogdotarugao.com.br\/v1\/?p=10531"},"modified":"2014-06-07T11:09:19","modified_gmt":"2014-06-07T14:09:19","slug":"ha-uma-convergencia-entre-pesquisas-e-as-ruas-diz-paulo-souto","status":"publish","type":"post","link":"https:\/\/www.blogdotarugao.com.br\/v1\/2014\/06\/07\/ha-uma-convergencia-entre-pesquisas-e-as-ruas-diz-paulo-souto\/","title":{"rendered":"\u201cH\u00e1 uma converg\u00eancia entre pesquisas e as ruas\u201d, diz Paulo Souto"},"content":{"rendered":"<p><img loading=\"lazy\" class=\"alignleft\" alt=\"DSC_1294\" src=\"http:\/\/static.blogdaresenhageral.com.br\/wp-content\/uploads\/2014\/06\/DSC_1294-300x199.jpg?c6e0ba\" width=\"300\" height=\"199\" \/><\/p>\n<p>O pr\u00e9-candidato ao Governo do Estado, Paulo Souto (DEM), afirmou que \u201ch\u00e1 uma converg\u00eancia entre pesquisas e as ruas\u201d. A declara\u00e7\u00e3o foi dada nesta sexta-feira (6), durante sua passagem por Vit\u00f3ria da Conquista. E mais um dia de testes est\u00e1 sendo realizado pelo pr\u00e9-candidato da oposi\u00e7\u00e3o baiana. De Vit\u00f3ria da Conquista, Souto rumou com sua comitiva para Po\u00e7\u00f5es, onde participou da Festa do Divino.<\/p>\n<p>Paulo Souto diz que em sua caminhada pelo estado \u00e9 percept\u00edvel \u201cuma insatisfa\u00e7\u00e3o com o atual governo, at\u00e9 pela falta de qualidade dos servi\u00e7os p\u00fablicos que s\u00e3o oferecidos \u00e0 popula\u00e7\u00e3o. E isso tem levado a popula\u00e7\u00e3o da Bahia a encarar fortemente uma realidade na mudan\u00e7a das diretrizes do Estado.\u201d.<\/p>\n","protected":false},"excerpt":{"rendered":"<p>O pr\u00e9-candidato ao Governo do Estado, Paulo Souto (DEM), afirmou que \u201ch\u00e1 uma converg\u00eancia entre pesquisas e as ruas\u201d. A declara\u00e7\u00e3o foi dada nesta sexta-feira (6), durante sua passagem por Vit\u00f3ria da Conquista. E mais um dia de testes est\u00e1 sendo realizado pelo pr\u00e9-candidato da oposi\u00e7\u00e3o baiana. De Vit\u00f3ria da Conquista, Souto rumou com sua [&hellip;]<\/p>\n","protected":false},"author":2,"featured_media":0,"comment_status":"open","ping_status":"open","sticky":false,"template":"","format":"standard","meta":{"_links_to":"","_links_to_target":""},"categories":[1,7],"tags":[],"_links":{"self":[{"href":"https:\/\/www.blogdotarugao.com.br\/v1\/wp-json\/wp\/v2\/posts\/10531"}],"collection":[{"href":"https:\/\/www.blogdotarugao.com.br\/v1\/wp-json\/wp\/v2\/posts"}],"about":[{"href":"https:\/\/www.blogdotarugao.com.br\/v1\/wp-json\/wp\/v2\/types\/post"}],"author":[{"embeddable":true,"href":"https:\/\/www.blogdotarugao.com.br\/v1\/wp-json\/wp\/v2\/users\/2"}],"replies":[{"embeddable":true,"href":"https:\/\/www.blogdotarugao.com.br\/v1\/wp-json\/wp\/v2\/comments?post=10531"}],"version-history":[{"count":1,"href":"https:\/\/www.blogdotarugao.com.br\/v1\/wp-json\/wp\/v2\/posts\/10531\/revisions"}],"predecessor-version":[{"id":10532,"href":"https:\/\/www.blogdotarugao.com.br\/v1\/wp-json\/wp\/v2\/posts\/10531\/revisions\/10532"}],"wp:attachment":[{"href":"https:\/\/www.blogdotarugao.com.br\/v1\/wp-json\/wp\/v2\/media?parent=10531"}],"wp:term":[{"taxonomy":"category","embeddable":true,"href":"https:\/\/www.blogdotarugao.com.br\/v1\/wp-json\/wp\/v2\/categories?post=10531"},{"taxonomy":"post_tag","embeddable":true,"href":"https:\/\/www.blogdotarugao.com.br\/v1\/wp-json\/wp\/v2\/tags?post=10531"}],"curies":[{"name":"wp","href":"https:\/\/api.w.org\/{rel}","templated":true}]}}