{"id":10602,"date":"2014-06-08T17:35:57","date_gmt":"2014-06-08T20:35:57","guid":{"rendered":"http:\/\/www.blogdotarugao.com.br\/v1\/?p=10602"},"modified":"2014-06-08T17:35:57","modified_gmt":"2014-06-08T20:35:57","slug":"problemas-de-em-familia-afetam-proximas-novelas-do-horario-nobre-da-globo","status":"publish","type":"post","link":"https:\/\/www.blogdotarugao.com.br\/v1\/2014\/06\/08\/problemas-de-em-familia-afetam-proximas-novelas-do-horario-nobre-da-globo\/","title":{"rendered":"Problemas de &#8220;Em Fam\u00edlia&#8221; afetam pr\u00f3ximas novelas do hor\u00e1rio nobre da Globo"},"content":{"rendered":"<div>\n<ul>\n<li><img loading=\"lazy\" title=\"Paulo Belote\/TV Globo\" alt=\"Laerte (Gabriel Braga Nunes) e Luiza (Bruna Marquezine) em cena de &quot;Em Fam\u00edlia&quot;\" src=\"http:\/\/imguol.com\/c\/entretenimento\/2014\/05\/20\/em-familia-larte-e-luiza-curtem-viagem-romantica-1400606952278_615x300.jpg\" width=\"600\" height=\"300\" \/>Laerte (Gabriel Braga Nunes) e Luiza (Bruna Marquezine) em cena de &#8220;Em Fam\u00edlia&#8221;<\/li>\n<\/ul>\n<\/div>\n<p>Manoel Carlos ainda n\u00e3o sabe, mas a decis\u00e3o da Globo em acabar com a sua &#8220;Em Fam\u00edlia&#8221; mais cedo acabou respingando em seus companheiros da faixa nobre, que v\u00eam por a\u00ed com novos trabalhos.<\/p>\n<div>Em fun\u00e7\u00e3o desse remanejamento, &#8220;Imp\u00e9rio&#8221;, escrita por Aguinaldo Silva, pr\u00f3xima atra\u00e7\u00e3o do hor\u00e1rio, entrar\u00e1 no ar dia 21 de julho, uma semana antes do previsto.<\/div>\n<div><\/div>\n<div>E a confus\u00e3o n\u00e3o para a\u00ed. Pela ordem, a imediatamente seguinte, &#8220;Babil\u00f4nia&#8221;, de Gilberto Braga e Ricardo Linhares, teria que come\u00e7ar em janeiro. Teria.<\/div>\n<div><\/div>\n<div>Os dois autores, segundo informa\u00e7\u00f5es que chegam do Projac, n\u00e3o consideraram nem um pouco interessante a ideia de estrear antes do Carnaval, por conta dos riscos \u00e0 sua audi\u00eancia, e apelando para o bom senso da casa, tiveram atendido o pedido de entrar somente depois.<\/div>\n<div><\/div>\n<div>A se confirmar tudo isso, sobrar\u00e1 para o Aguinaldo levar seu trabalho at\u00e9 cerca de 200 cap\u00edtulos e com isso atravessar elei\u00e7\u00f5es, festas de fim de ano e, por fim, o Carnaval. Complicado.<\/div>\n<div><\/div>\n<div>\n<div>\n<div id=\"albumHTML1\"><a id=\"btVerAlbumMaior1\" title=\"Acesse o \u00c1lbum\" href=\"http:\/\/televisao.uol.com.br\/album\/2014\/02\/01\/cenas-de-em-familia.htm#fotoNavId=pr11746946\"><br \/>\n<\/a><\/p>\n<div id=\"boxFullImage1\">\n<div id=\"fullImage1\">\n<div id=\"fullImageCenter1\" align=\"center\"><img id=\"fullImageSrc1\" alt=\"\" src=\"http:\/\/imguol.com\/c\/entretenimento\/2014\/06\/08\/em-familia-veronica-e-silvia-trocam-provocacoes-pro-causa-de-cadu-1402232199896_620x380.jpg\" border=\"0\" \/><\/div>\n<\/div>\n<div id=\"fotoLegendaBox1\">\n<div id=\"fotoLegenda1\">\n<div>\n<div>&#8220;Em Fam\u00edlia&#8221;: Ver\u00f4nica e Silvia trocam provoca\u00e7\u00f5es por causa de Cadu\u00a0<em>Reprodu\u00e7\u00e3o\/Em Fam\u00edlia\/Gshow<\/em><\/div>\n<\/div>\n<\/div>\n<\/div>\n<\/div>\n<\/div>\n<\/div>\n<div><\/div>\n<\/div>\n","protected":false},"excerpt":{"rendered":"<p>Laerte (Gabriel Braga Nunes) e Luiza (Bruna Marquezine) em cena de &#8220;Em Fam\u00edlia&#8221; Manoel Carlos ainda n\u00e3o sabe, mas a decis\u00e3o da Globo em acabar com a sua &#8220;Em Fam\u00edlia&#8221; mais cedo acabou respingando em seus companheiros da faixa nobre, que v\u00eam por a\u00ed com novos trabalhos. Em fun\u00e7\u00e3o desse remanejamento, &#8220;Imp\u00e9rio&#8221;, escrita por Aguinaldo [&hellip;]<\/p>\n","protected":false},"author":2,"featured_media":0,"comment_status":"open","ping_status":"open","sticky":false,"template":"","format":"standard","meta":{"_links_to":"","_links_to_target":""},"categories":[1,23],"tags":[],"_links":{"self":[{"href":"https:\/\/www.blogdotarugao.com.br\/v1\/wp-json\/wp\/v2\/posts\/10602"}],"collection":[{"href":"https:\/\/www.blogdotarugao.com.br\/v1\/wp-json\/wp\/v2\/posts"}],"about":[{"href":"https:\/\/www.blogdotarugao.com.br\/v1\/wp-json\/wp\/v2\/types\/post"}],"author":[{"embeddable":true,"href":"https:\/\/www.blogdotarugao.com.br\/v1\/wp-json\/wp\/v2\/users\/2"}],"replies":[{"embeddable":true,"href":"https:\/\/www.blogdotarugao.com.br\/v1\/wp-json\/wp\/v2\/comments?post=10602"}],"version-history":[{"count":1,"href":"https:\/\/www.blogdotarugao.com.br\/v1\/wp-json\/wp\/v2\/posts\/10602\/revisions"}],"predecessor-version":[{"id":10603,"href":"https:\/\/www.blogdotarugao.com.br\/v1\/wp-json\/wp\/v2\/posts\/10602\/revisions\/10603"}],"wp:attachment":[{"href":"https:\/\/www.blogdotarugao.com.br\/v1\/wp-json\/wp\/v2\/media?parent=10602"}],"wp:term":[{"taxonomy":"category","embeddable":true,"href":"https:\/\/www.blogdotarugao.com.br\/v1\/wp-json\/wp\/v2\/categories?post=10602"},{"taxonomy":"post_tag","embeddable":true,"href":"https:\/\/www.blogdotarugao.com.br\/v1\/wp-json\/wp\/v2\/tags?post=10602"}],"curies":[{"name":"wp","href":"https:\/\/api.w.org\/{rel}","templated":true}]}}