{"id":1066,"date":"2013-12-04T13:47:23","date_gmt":"2013-12-04T16:47:23","guid":{"rendered":"http:\/\/www.blogdotarugao.com.br\/v1\/?p=1066"},"modified":"2013-12-04T13:47:23","modified_gmt":"2013-12-04T16:47:23","slug":"governador-pode-receber-mocao-de-repudio-dos-vereadores-de-brumado","status":"publish","type":"post","link":"https:\/\/www.blogdotarugao.com.br\/v1\/2013\/12\/04\/governador-pode-receber-mocao-de-repudio-dos-vereadores-de-brumado\/","title":{"rendered":"Governador pode receber mo\u00e7\u00e3o de rep\u00fadio dos vereadores de Brumado"},"content":{"rendered":"<p><img title=\"Foto: Roberto Viana \/\/ Boc\u00e3o News\" alt=\"\" src=\"http:\/\/www.bocaonews.com.br\/ckfinder\/userfiles\/fotos_e_imagens\/POLITICA\/BAHIA\/GOVERNADOR\/jaques_wagner_coletiva_metro_bocaonews_rv%20(206).JPG\" \/><br \/>\nO vereador de Brumado, Castilho Viana (PSB), est\u00e1 revoltado com a falta de atua\u00e7\u00e3o do governador Jaques Wagner (PT) no munic\u00edpio. Na sess\u00e3o da C\u00e2mara da \u00faltima segunda-feira (2), o socialista fez duras cr\u00edticas ao chefe do Executivo. De acordo com o edil, Wagner \u00e9 merecedor de todas as mo\u00e7\u00f5es de rep\u00fadio por n\u00e3o ter dado aten\u00e7\u00e3o ao munic\u00edpio.<\/p>\n<p>&nbsp;<\/p>\n<p>\u201cSem sombra de d\u00favidas, eu assino uma mo\u00e7\u00e3o de rep\u00fadio contra o governo do estado da Bahia\u201d, disparou o vereador. Segundo o Brumado Not\u00edcias, Viana se justificou alegando que o governador fez promessas em benef\u00edcio do munic\u00edpio que at\u00e9 hoje n\u00e3o cumpriu. \u201cCad\u00ea o esgotamento sanit\u00e1rio que ele n\u00e3o mandou para Brumado?<\/p>\n<p>&nbsp;<\/p>\n<p>&nbsp;<\/p>\n<p>Ele nos deixou sem defensoria, prometeu a unidade prisional e ainda nem deu a ordem de servi\u00e7o para o in\u00edcio das obras. Falaram de investimentos de milh\u00f5es para o nosso munic\u00edpio, mas n\u00e3o temos visto nem centavos. Votei sim no atual governo, mas n\u00e3o posso tapar o sol com a peneira. Se o governo da Bahia enxerga qualquer crescimento no estado, Brumado ficou de fora. Estamos de fora de todos os investimentos de grande porte\u201d, declarou Viana.<\/p>\n","protected":false},"excerpt":{"rendered":"<p>O vereador de Brumado, Castilho Viana (PSB), est\u00e1 revoltado com a falta de atua\u00e7\u00e3o do governador Jaques Wagner (PT) no munic\u00edpio. Na sess\u00e3o da C\u00e2mara da \u00faltima segunda-feira (2), o socialista fez duras cr\u00edticas ao chefe do Executivo. De acordo com o edil, Wagner \u00e9 merecedor de todas as mo\u00e7\u00f5es de rep\u00fadio por n\u00e3o ter [&hellip;]<\/p>\n","protected":false},"author":2,"featured_media":0,"comment_status":"open","ping_status":"open","sticky":false,"template":"","format":"standard","meta":{"_links_to":"","_links_to_target":""},"categories":[7],"tags":[],"_links":{"self":[{"href":"https:\/\/www.blogdotarugao.com.br\/v1\/wp-json\/wp\/v2\/posts\/1066"}],"collection":[{"href":"https:\/\/www.blogdotarugao.com.br\/v1\/wp-json\/wp\/v2\/posts"}],"about":[{"href":"https:\/\/www.blogdotarugao.com.br\/v1\/wp-json\/wp\/v2\/types\/post"}],"author":[{"embeddable":true,"href":"https:\/\/www.blogdotarugao.com.br\/v1\/wp-json\/wp\/v2\/users\/2"}],"replies":[{"embeddable":true,"href":"https:\/\/www.blogdotarugao.com.br\/v1\/wp-json\/wp\/v2\/comments?post=1066"}],"version-history":[{"count":1,"href":"https:\/\/www.blogdotarugao.com.br\/v1\/wp-json\/wp\/v2\/posts\/1066\/revisions"}],"predecessor-version":[{"id":1067,"href":"https:\/\/www.blogdotarugao.com.br\/v1\/wp-json\/wp\/v2\/posts\/1066\/revisions\/1067"}],"wp:attachment":[{"href":"https:\/\/www.blogdotarugao.com.br\/v1\/wp-json\/wp\/v2\/media?parent=1066"}],"wp:term":[{"taxonomy":"category","embeddable":true,"href":"https:\/\/www.blogdotarugao.com.br\/v1\/wp-json\/wp\/v2\/categories?post=1066"},{"taxonomy":"post_tag","embeddable":true,"href":"https:\/\/www.blogdotarugao.com.br\/v1\/wp-json\/wp\/v2\/tags?post=1066"}],"curies":[{"name":"wp","href":"https:\/\/api.w.org\/{rel}","templated":true}]}}