{"id":11120,"date":"2014-06-15T11:44:22","date_gmt":"2014-06-15T14:44:22","guid":{"rendered":"http:\/\/www.blogdotarugao.com.br\/v1\/?p=11120"},"modified":"2014-06-15T11:44:22","modified_gmt":"2014-06-15T14:44:22","slug":"entrevista-bruna-marquezine-fala-sobre-neymar-e-o-titulo-de-musa-da-copa","status":"publish","type":"post","link":"https:\/\/www.blogdotarugao.com.br\/v1\/2014\/06\/15\/entrevista-bruna-marquezine-fala-sobre-neymar-e-o-titulo-de-musa-da-copa\/","title":{"rendered":"Entrevista: Bruna Marquezine fala sobre Neymar e o t\u00edtulo de \u201cmusa da Copa\u201d"},"content":{"rendered":"<p><a href=\"http:\/\/www.blogdotarugao.com.br\/v1\/wp-content\/uploads\/2014\/06\/MARQUEZINE.jpg\" class=\"gallery_colorbox\"><img loading=\"lazy\" class=\"aligncenter size-full wp-image-11122\" alt=\"MARQUEZINE\" src=\"http:\/\/www.blogdotarugao.com.br\/v1\/wp-content\/uploads\/2014\/06\/MARQUEZINE.jpg\"  width=\"646\" height=\"422\" srcset=\"https:\/\/www.blogdotarugao.com.br\/v1\/wp-content\/uploads\/2014\/06\/MARQUEZINE.jpg 646w, https:\/\/www.blogdotarugao.com.br\/v1\/wp-content\/uploads\/2014\/06\/MARQUEZINE-300x195.jpg 300w\" sizes=\"(max-width: 646px) 100vw, 646px\" \/><\/a><\/p>\n<p>A atriz conversou com a gente na noite desse domingo (8), em S\u00e3o Paulo. A morena falou sobre pr\u00f3ximas emo\u00e7\u00f5es de Em Fam\u00edlia, deu dicas de beleza como caprichar no make, destacou o auge na carreira e, se \u00e9 verdade que ficou noiva do jogador Neymar!<em><br \/>\n<\/em><\/p>\n<p><strong>O que voc\u00ea acha da Luiza se casar com ex-noivo da m\u00e3e, Helena?<\/strong><br \/>\nO nome da novela j\u00e1 diz tudo, \u2018Em Fam\u00edlia\u2019. \u00c9 uma situa\u00e7\u00e3o complicada. O meu papel \u00e9 como atriz. Tento executar da melhor forma poss\u00edvel, para que o p\u00fablico entenda o que aquela menina est\u00e1 passando e fiquem indignados, pois \u00e9 um sinal que est\u00e3o acreditando naquilo. Ela est\u00e1 completamente apaixonada pelo grande amor da vida da m\u00e3e dela. N\u00e3o me cabe como atriz julgar, justificar ou defender a Luiza. \u00c9 uma hist\u00f3ria que poderia acontecer com qualquer um.<\/p>\n<p><strong>Em muitas cenas da novela voc\u00ea tem aparecido de lingerie. O p\u00fablico vem te considerando um mulher\u00e3o. Qual sua percep\u00e7\u00e3o desse novo olhar das pessoas em rela\u00e7\u00e3o ao seu crescimento?<\/strong><br \/>\nMuitas? Gravei apenas algumas cenas de lingerie. Estou crescendo. As pessoas est\u00e3o me enxergando de forma diferente. Tenho s\u00f3 18 anos. N\u00e3o me vejo como mulher, por\u00e9m uma menina, que sem d\u00favida n\u00e3o \u00e9 uma crian\u00e7a.<\/p>\n<p><strong>Lurdinha e Luiza s\u00e3o personagens divisores de \u00e1gua em sua carreira, nessa transi\u00e7\u00e3o de menina para mulher?<\/strong><br \/>\nS\u00e3o fases diferentes que mostram minha mudan\u00e7a profissional e crescimento pessoal. Aprendi bastante nesses \u00faltimos anos em minha carreira. Espero que meus pr\u00f3ximos pap\u00e9is possam se diversificar, para que as pessoas percebam que eu posso transitar desde Lurdinha at\u00e9 uma Luiza. Foram personagens marcantes, n\u00e3o sei se divisores de \u00e1guas. Mas houve essa transi\u00e7\u00e3o sim.<\/p>\n<p><strong>Os personagens costumam te influenciar em algum ponto na sua vida real?<\/strong><br \/>\nN\u00e3o. Damos vida aos personagens. Nunca aconteceu comigo te deixar um papel me influenciar. Posso aprender atrav\u00e9s do meu papel, mas jamais influencia o ator, que deixa nas m\u00e3os do autor o que ser\u00e1 feito.<\/p>\n<p><strong>Seus looks t\u00eam sido bem comentados entre as adolescentes e jovens. Voc\u00ea \u00e9 uma pessoa muito vaidosa?<\/strong><br \/>\nGosto muito de moda e me considero uma pessoa bem vaidosa sim. Minha profiss\u00e3o exige que eu esteja antenada no assunto.<\/p>\n<p><a href=\"http:\/\/todateen.uol.com.br\/tt\/wp-content\/uploads\/2014\/06\/entrevista-bruna-marquezine-interna.jpg\" class=\"gallery_colorbox\"><img loading=\"lazy\" alt=\"Foto: Reprodu\u00e7\u00e3o\/Instagram\" src=\"http:\/\/todateen.uol.com.br\/tt\/wp-content\/uploads\/2014\/06\/entrevista-bruna-marquezine-interna.jpg\"  width=\"600\" height=\"600\" \/><\/a><\/p>\n<p>Foto: Reprodu\u00e7\u00e3o\/Instagram<\/p>\n<p><strong><!--more-->Voc\u00ea est\u00e1 com um corpo esbelto. Qual o segredo?<\/strong><br \/>\nEu tenho feito Crossfit no m\u00ednimo tr\u00eas vezes e estou gostando bastante. Eu sou um pouco pregui\u00e7osa detesto academia (risos), mas encontrei um grupo legal e estou curtindo. \u00c9 um tipo de exerc\u00edcio que nos traz um resultado r\u00e1pido.<\/p>\n<p><strong>Est\u00e1 satisfeita com a silhueta ou pretende ganhar ou perder peso ainda?<\/strong><br \/>\nMeu foco era emagrecer por quest\u00e3o de est\u00e9tica e sa\u00fade. Como o ritmo de grava\u00e7\u00f5es \u00e9 excessivo, fiquei doente. Precisei me for\u00e7ar a cuidar de mim, porque se depender quando eu tenho tempo livre fico em casa.<\/p>\n<p><strong>De que forma costuma ser seu ritual de maquiagem?<\/strong><br \/>\nAdoro maquiagem. Eu n\u00e3o uso muito para proteger minha pele, j\u00e1 que utilizo diariamente nas grava\u00e7\u00f5es. \u00c9 essencial deixar a pele respirar, mas gosto demais. Procuro real\u00e7ar o que me deixa mais bonita.<\/p>\n<p><strong>Al\u00e9m de utilizar pouca maquiagem voc\u00ea tem outro tipo de preocupa\u00e7\u00e3o para proteger a pele?<\/strong><br \/>\nLimpo sempre a pele, hidrato com protetor solar e procuro beber muita \u00e1gua.<\/p>\n<p><strong>H\u00e1 uma prefer\u00eancia de make?<\/strong><br \/>\nUso um make mais clean. Se eu focar um pouco no olho, deixo a boca com um tom mais leve, rosinha ou sem nada. H\u00e1 pouco tempo comecei a usar batom vermelho ou vinho, esfuma\u00e7ando o olho com marrom em eventos noturnos. Acho lindo. Antes, me achava horr\u00edvel de batom e depois comecei a me apaixonar.<\/p>\n<p><strong>Como \u00e9 o anel que o Neymar te deu de noivado?<\/strong><br \/>\nN\u00e3o existe esse anel!<\/p>\n<p><strong>Na abertura da Copa se o Brasil vencer voc\u00eas ir\u00e3o comemorar juntos a vit\u00f3ria?<\/strong><br \/>\nN\u00e3o sei\u2026 Isso vai depender da disponibilidade dele e do meu trabalho tamb\u00e9m. Espero que sim!<\/p>\n<p><strong>J\u00e1 sabe o que vai dar de presente no dia dos namorados?<\/strong><br \/>\nAhhh sim, mas n\u00e3o vou falar, n\u00e9!<\/p>\n<p><strong>Te elegeram a musa da Copa\u2026<\/strong><br \/>\nAh, \u00e9? Eu n\u00e3o sabia desse t\u00edtulo, nem o que falar\u2026<\/p>\n<p><strong>Ele sente ci\u00fames de alguma cena ou entende que \u00e9 seu trabalho?<\/strong><br \/>\nEle \u00e9 bem compreensivo. Eu [no lugar dele] teria um pouco de ci\u00fames, ele tamb\u00e9m deve ter. \u00c9 normal\u2026 N\u00e3o \u00e9 a coisa mais legal de se ver (risos), mas ele entende.<\/p>\n<p><strong>Os f\u00e3s de voc\u00eas s\u00e3o bem fervorosos. Voc\u00ea gosta dessa abordagem?<\/strong><br \/>\n\u00c9 um carinho bacana que resulta no reconhecimento do trabalho.<\/p>\n<p><strong>A novela est\u00e1 na reta final. J\u00e1 sabe o que deseja fazer com o fim das grava\u00e7\u00f5es?<\/strong><br \/>\nPor enquanto n\u00e3o penso em nada de trabalho. Estou h\u00e1 quase tr\u00eas anos trabalhando sem tirar f\u00e9rias. Se Deus quiser agora poderei descansar.<\/p>\n","protected":false},"excerpt":{"rendered":"<p>A atriz conversou com a gente na noite desse domingo (8), em S\u00e3o Paulo. A morena falou sobre pr\u00f3ximas emo\u00e7\u00f5es de Em Fam\u00edlia, deu dicas de beleza como caprichar no make, destacou o auge na carreira e, se \u00e9 verdade que ficou noiva do jogador Neymar! O que voc\u00ea acha da Luiza se casar com [&hellip;]<\/p>\n","protected":false},"author":2,"featured_media":0,"comment_status":"open","ping_status":"open","sticky":false,"template":"","format":"standard","meta":{"_links_to":"","_links_to_target":""},"categories":[21,27,23],"tags":[],"_links":{"self":[{"href":"https:\/\/www.blogdotarugao.com.br\/v1\/wp-json\/wp\/v2\/posts\/11120"}],"collection":[{"href":"https:\/\/www.blogdotarugao.com.br\/v1\/wp-json\/wp\/v2\/posts"}],"about":[{"href":"https:\/\/www.blogdotarugao.com.br\/v1\/wp-json\/wp\/v2\/types\/post"}],"author":[{"embeddable":true,"href":"https:\/\/www.blogdotarugao.com.br\/v1\/wp-json\/wp\/v2\/users\/2"}],"replies":[{"embeddable":true,"href":"https:\/\/www.blogdotarugao.com.br\/v1\/wp-json\/wp\/v2\/comments?post=11120"}],"version-history":[{"count":1,"href":"https:\/\/www.blogdotarugao.com.br\/v1\/wp-json\/wp\/v2\/posts\/11120\/revisions"}],"predecessor-version":[{"id":11123,"href":"https:\/\/www.blogdotarugao.com.br\/v1\/wp-json\/wp\/v2\/posts\/11120\/revisions\/11123"}],"wp:attachment":[{"href":"https:\/\/www.blogdotarugao.com.br\/v1\/wp-json\/wp\/v2\/media?parent=11120"}],"wp:term":[{"taxonomy":"category","embeddable":true,"href":"https:\/\/www.blogdotarugao.com.br\/v1\/wp-json\/wp\/v2\/categories?post=11120"},{"taxonomy":"post_tag","embeddable":true,"href":"https:\/\/www.blogdotarugao.com.br\/v1\/wp-json\/wp\/v2\/tags?post=11120"}],"curies":[{"name":"wp","href":"https:\/\/api.w.org\/{rel}","templated":true}]}}