{"id":1264,"date":"2013-12-09T21:31:59","date_gmt":"2013-12-10T00:31:59","guid":{"rendered":"http:\/\/www.blogdotarugao.com.br\/v1\/?p=1264"},"modified":"2013-12-09T21:31:59","modified_gmt":"2013-12-10T00:31:59","slug":"prefeito-que-piorar-ideb-podera-ser-punido","status":"publish","type":"post","link":"https:\/\/www.blogdotarugao.com.br\/v1\/2013\/12\/09\/prefeito-que-piorar-ideb-podera-ser-punido\/","title":{"rendered":"Prefeito que piorar Ideb poder\u00e1 ser punido"},"content":{"rendered":"<div>\n<div><img alt=\"Prefeito que piorar Ideb poder\u00e1 ser punido\" src=\"http:\/\/www.bahianoticias.com.br\/fotos\/estadao_noticias\/20095\/xIMAGEM_NOTICIA_5.jpg.pagespeed.ic.AgoDPJbFHM.jpg\" \/><\/p>\n<h5>Foto: Reprodu\u00e7\u00e3o<\/h5>\n<\/div>\n<div><\/div>\n<\/div>\n<div>Prefeitos de cidades que registrarem piora nos \u00edndices de qualidade da educa\u00e7\u00e3o podem ficar ineleg\u00edveis por cinco anos caso seja aprovada a Lei de Responsabilidade Educacional, cujo texto deve ser apresentado nesta quarta-feira (11), na C\u00e2mara Federal. O n\u00e3o cumprimento do gasto m\u00ednimo de investimento na \u00e1rea e de crit\u00e9rios sobre infraestrutura tamb\u00e9m poder\u00e3o ser enquadrados na legisla\u00e7\u00e3o.<\/div>\n<div><\/div>\n<div>\u00a0No Senado, o texto do Plano Nacional de Educa\u00e7\u00e3o (PNE), que pode ir a plen\u00e1rio nesta ter\u00e7a (10), ganhou trecho que fala da responsabilidade de gestores em caso de n\u00e3o cumprimento das metas. &#8220;A experi\u00eancia ensina que, no Brasil, se n\u00e3o h\u00e1 responsabiliza\u00e7\u00e3o, as metas se transformam em farsa&#8221;, disse o relator do PNE no Senado, Alvaro Dias (PSDB-PR).<\/div>\n<div><\/div>\n<div>J\u00e1 o texto que deve ser apresentado na C\u00e2mara estipula o \u00cdndice de Desenvolvimento da Educa\u00e7\u00e3o B\u00e1sica (Ideb) como crit\u00e9rio, o que divide opini\u00f5es. &#8220;Nenhum prefeito poder\u00e1 permitir o retrocesso at\u00e9 atingir a meta do PNE&#8221;, diz o relator, deputado Raul Henry (PMDB-PE). &#8220;Temos uma p\u00e9ssima realidade da educa\u00e7\u00e3o, e as v\u00edtimas n\u00e3o percebem que s\u00e3o v\u00edtimas porque n\u00e3o h\u00e1 press\u00e3o pela qualidade&#8221;, completa.<\/div>\n<div><\/div>\n<div>\u00a0Quase mil munic\u00edpios, que representam 17% do total, apresentaram retrocesso no Ideb 2011 no \u00faltimo ciclo do ensino fundamental. O projeto n\u00e3o prev\u00ea metas para o ensino m\u00e9dio, uma vez que no nessa fase o \u00edndice \u00e9 por amostra.<\/div>\n","protected":false},"excerpt":{"rendered":"<p>Foto: Reprodu\u00e7\u00e3o Prefeitos de cidades que registrarem piora nos \u00edndices de qualidade da educa\u00e7\u00e3o podem ficar ineleg\u00edveis por cinco anos caso seja aprovada a Lei de Responsabilidade Educacional, cujo texto deve ser apresentado nesta quarta-feira (11), na C\u00e2mara Federal. O n\u00e3o cumprimento do gasto m\u00ednimo de investimento na \u00e1rea e de crit\u00e9rios sobre infraestrutura tamb\u00e9m [&hellip;]<\/p>\n","protected":false},"author":2,"featured_media":0,"comment_status":"open","ping_status":"open","sticky":false,"template":"","format":"standard","meta":{"_links_to":"","_links_to_target":""},"categories":[7],"tags":[],"_links":{"self":[{"href":"https:\/\/www.blogdotarugao.com.br\/v1\/wp-json\/wp\/v2\/posts\/1264"}],"collection":[{"href":"https:\/\/www.blogdotarugao.com.br\/v1\/wp-json\/wp\/v2\/posts"}],"about":[{"href":"https:\/\/www.blogdotarugao.com.br\/v1\/wp-json\/wp\/v2\/types\/post"}],"author":[{"embeddable":true,"href":"https:\/\/www.blogdotarugao.com.br\/v1\/wp-json\/wp\/v2\/users\/2"}],"replies":[{"embeddable":true,"href":"https:\/\/www.blogdotarugao.com.br\/v1\/wp-json\/wp\/v2\/comments?post=1264"}],"version-history":[{"count":1,"href":"https:\/\/www.blogdotarugao.com.br\/v1\/wp-json\/wp\/v2\/posts\/1264\/revisions"}],"predecessor-version":[{"id":1265,"href":"https:\/\/www.blogdotarugao.com.br\/v1\/wp-json\/wp\/v2\/posts\/1264\/revisions\/1265"}],"wp:attachment":[{"href":"https:\/\/www.blogdotarugao.com.br\/v1\/wp-json\/wp\/v2\/media?parent=1264"}],"wp:term":[{"taxonomy":"category","embeddable":true,"href":"https:\/\/www.blogdotarugao.com.br\/v1\/wp-json\/wp\/v2\/categories?post=1264"},{"taxonomy":"post_tag","embeddable":true,"href":"https:\/\/www.blogdotarugao.com.br\/v1\/wp-json\/wp\/v2\/tags?post=1264"}],"curies":[{"name":"wp","href":"https:\/\/api.w.org\/{rel}","templated":true}]}}