{"id":13083,"date":"2014-07-17T13:37:12","date_gmt":"2014-07-17T16:37:12","guid":{"rendered":"http:\/\/www.blogdotarugao.com.br\/v1\/?p=13083"},"modified":"2014-07-16T19:44:17","modified_gmt":"2014-07-16T22:44:17","slug":"prefeitura-na-bahia-abre-processo-seletivo-com-467-vagas-3","status":"publish","type":"post","link":"https:\/\/www.blogdotarugao.com.br\/v1\/2014\/07\/17\/prefeitura-na-bahia-abre-processo-seletivo-com-467-vagas-3\/","title":{"rendered":"Prefeitura na Bahia abre processo seletivo com 467 vagas"},"content":{"rendered":"<p>Do total de oportunidades, 217 s\u00e3o imediatas e 250 s\u00e3o para cadastro reserva<\/p>\n<p>A Prefeitura de Correntina abrir\u00e1 no pr\u00f3ximo dia 21, as inscri\u00e7\u00f5es do seu processo seletivo com 467 vagas para profissionais de n\u00edveis fundamental, m\u00e9dio, t\u00e9cnico e superior. Do total de oportunidades, 217 s\u00e3o imediatas e 250 s\u00e3o para cadastro reserva, sendo que parte delas ser\u00e3o destinadas a pessoas com necessidades especiais.<\/p>\n<p>Os sal\u00e1rios variam de R$ 724,00 a R$ 5.995,00, em jornadas de 20, 30 e 40 horas por semana. O processo seletivo ser\u00e1 composto por provas objetivas, previstas para serem aplicadas dia 24 de agosto de 2014. Tamb\u00e9m haver\u00e1 prova de t\u00edtulos para todos os cargos de n\u00edvel superior. Mais informa\u00e7\u00f5es podem ser obtidas atrav\u00e9s do\u00a0<a title=\"Opens external link in new window\" href=\"http:\/\/www.pciconcursos.com.br\/arquivo\/1279241.pdf\" target=\"_blank\">edital do certame<\/a>.<\/p>\n<table summary=\"\">\n<thead>\n<tr>\n<th scope=\"col\"><img loading=\"lazy\" alt=\"\" src=\"http:\/\/w2.c24hsttc.net\/uploads\/RTEmagicC_500bd02e30.jpg.jpg\" width=\"560\" height=\"360\" \/><\/th>\n<\/tr>\n<\/thead>\n<tbody>\n<tr>\n<td><\/td>\n<\/tr>\n<\/tbody>\n<\/table>\n<p>&nbsp;<\/p>\n","protected":false},"excerpt":{"rendered":"<p>Do total de oportunidades, 217 s\u00e3o imediatas e 250 s\u00e3o para cadastro reserva A Prefeitura de Correntina abrir\u00e1 no pr\u00f3ximo dia 21, as inscri\u00e7\u00f5es do seu processo seletivo com 467 vagas para profissionais de n\u00edveis fundamental, m\u00e9dio, t\u00e9cnico e superior. Do total de oportunidades, 217 s\u00e3o imediatas e 250 s\u00e3o para cadastro reserva, sendo que [&hellip;]<\/p>\n","protected":false},"author":2,"featured_media":0,"comment_status":"open","ping_status":"open","sticky":false,"template":"","format":"standard","meta":{"_links_to":"","_links_to_target":""},"categories":[20,1],"tags":[],"_links":{"self":[{"href":"https:\/\/www.blogdotarugao.com.br\/v1\/wp-json\/wp\/v2\/posts\/13083"}],"collection":[{"href":"https:\/\/www.blogdotarugao.com.br\/v1\/wp-json\/wp\/v2\/posts"}],"about":[{"href":"https:\/\/www.blogdotarugao.com.br\/v1\/wp-json\/wp\/v2\/types\/post"}],"author":[{"embeddable":true,"href":"https:\/\/www.blogdotarugao.com.br\/v1\/wp-json\/wp\/v2\/users\/2"}],"replies":[{"embeddable":true,"href":"https:\/\/www.blogdotarugao.com.br\/v1\/wp-json\/wp\/v2\/comments?post=13083"}],"version-history":[{"count":1,"href":"https:\/\/www.blogdotarugao.com.br\/v1\/wp-json\/wp\/v2\/posts\/13083\/revisions"}],"predecessor-version":[{"id":13084,"href":"https:\/\/www.blogdotarugao.com.br\/v1\/wp-json\/wp\/v2\/posts\/13083\/revisions\/13084"}],"wp:attachment":[{"href":"https:\/\/www.blogdotarugao.com.br\/v1\/wp-json\/wp\/v2\/media?parent=13083"}],"wp:term":[{"taxonomy":"category","embeddable":true,"href":"https:\/\/www.blogdotarugao.com.br\/v1\/wp-json\/wp\/v2\/categories?post=13083"},{"taxonomy":"post_tag","embeddable":true,"href":"https:\/\/www.blogdotarugao.com.br\/v1\/wp-json\/wp\/v2\/tags?post=13083"}],"curies":[{"name":"wp","href":"https:\/\/api.w.org\/{rel}","templated":true}]}}