{"id":13085,"date":"2014-07-16T20:31:17","date_gmt":"2014-07-16T23:31:17","guid":{"rendered":"http:\/\/www.blogdotarugao.com.br\/v1\/?p=13085"},"modified":"2014-07-16T20:31:17","modified_gmt":"2014-07-16T23:31:17","slug":"nesta-quinta-17-nao-havera-aula-na-rede-municipal","status":"publish","type":"post","link":"https:\/\/www.blogdotarugao.com.br\/v1\/2014\/07\/16\/nesta-quinta-17-nao-havera-aula-na-rede-municipal\/","title":{"rendered":"Nesta quinta 17 n\u00e3o haver\u00e1 aula na rede municipal"},"content":{"rendered":"<p>Nesta quinta-feira (17) os professores da rede municipal, estar\u00e3o entrando em greve e n\u00e3o haver\u00e1 aula.<img loading=\"lazy\" alt=\"Greve\" src=\"http:\/\/www.pontodevistaonline.com.br\/wp-content\/uploads\/2014\/01\/Greve-1024x768.jpg\" width=\"553\" height=\"415\" \/><\/p>\n<p><img alt=\"10527352_490765101070320_733134502730934232_n\" src=\"http:\/\/tribunadeitapetinga.com.br\/media\/2014\/07\/10527352_490765101070320_733134502730934232_n-400x299.jpg\" \/><\/p>\n<p>Segundo o coordenador da APLB Renan Coelho, o prefeito JCM e a secretaria de Educa\u00e7\u00e3o empurraram a categoria para a greve, posto que n\u00e3o tiveram a sensibilidade de apresentar uma contra-proposta decente, al\u00e9m dos 6% parcelado.<\/p>\n<p>&nbsp;<\/p>\n<p>COMUNICADO<\/p>\n<p>Senhores Pais!<\/p>\n<p>N\u00f3s, professores da Rede Municipal de Itapetinga, iniciamos o segundo semestre com o mesmo compromisso que temos com a educa\u00e7\u00e3o p\u00fablica, gratuita, democr\u00e1tica e de qualidade.<\/p>\n<p>Durante o recesso tentamos mais uma vez negociar o reajuste salarial com a administra\u00e7\u00e3o. No entanto a gest\u00e3o municipal, n\u00e3o demonstrou interesse em resolver as reivindica\u00e7\u00f5es dos professores, por isso n\u00e3o nos restou outra alternativa a n\u00e3o ser decretar a greve. Informamos que a partir de quinta-feira dia 17 de julho, n\u00e3o ter\u00e1 aula, at\u00e9 que a Administra\u00e7\u00e3o Municipal nos conceda o reajuste.<!--more--><\/p>\n<p>Neste sentido, pedimos a compreens\u00e3o dos pais, pois nossa luta \u00e9 justa e seu filho n\u00e3o ser\u00e1 prejudicado.<\/p>\n<p>Junte-se a n\u00f3s! A Educa\u00e7\u00e3o \u00e9 compromisso de todos!<\/p>\n<p>APLB Sindicato<\/p>\n","protected":false},"excerpt":{"rendered":"<p>Nesta quinta-feira (17) os professores da rede municipal, estar\u00e3o entrando em greve e n\u00e3o haver\u00e1 aula. Segundo o coordenador da APLB Renan Coelho, o prefeito JCM e a secretaria de Educa\u00e7\u00e3o empurraram a categoria para a greve, posto que n\u00e3o tiveram a sensibilidade de apresentar uma contra-proposta decente, al\u00e9m dos 6% parcelado. &nbsp; COMUNICADO Senhores [&hellip;]<\/p>\n","protected":false},"author":2,"featured_media":0,"comment_status":"open","ping_status":"open","sticky":false,"template":"","format":"standard","meta":{"_links_to":"","_links_to_target":""},"categories":[13,1,7],"tags":[],"_links":{"self":[{"href":"https:\/\/www.blogdotarugao.com.br\/v1\/wp-json\/wp\/v2\/posts\/13085"}],"collection":[{"href":"https:\/\/www.blogdotarugao.com.br\/v1\/wp-json\/wp\/v2\/posts"}],"about":[{"href":"https:\/\/www.blogdotarugao.com.br\/v1\/wp-json\/wp\/v2\/types\/post"}],"author":[{"embeddable":true,"href":"https:\/\/www.blogdotarugao.com.br\/v1\/wp-json\/wp\/v2\/users\/2"}],"replies":[{"embeddable":true,"href":"https:\/\/www.blogdotarugao.com.br\/v1\/wp-json\/wp\/v2\/comments?post=13085"}],"version-history":[{"count":1,"href":"https:\/\/www.blogdotarugao.com.br\/v1\/wp-json\/wp\/v2\/posts\/13085\/revisions"}],"predecessor-version":[{"id":13087,"href":"https:\/\/www.blogdotarugao.com.br\/v1\/wp-json\/wp\/v2\/posts\/13085\/revisions\/13087"}],"wp:attachment":[{"href":"https:\/\/www.blogdotarugao.com.br\/v1\/wp-json\/wp\/v2\/media?parent=13085"}],"wp:term":[{"taxonomy":"category","embeddable":true,"href":"https:\/\/www.blogdotarugao.com.br\/v1\/wp-json\/wp\/v2\/categories?post=13085"},{"taxonomy":"post_tag","embeddable":true,"href":"https:\/\/www.blogdotarugao.com.br\/v1\/wp-json\/wp\/v2\/tags?post=13085"}],"curies":[{"name":"wp","href":"https:\/\/api.w.org\/{rel}","templated":true}]}}