{"id":13166,"date":"2014-07-18T08:37:21","date_gmt":"2014-07-18T11:37:21","guid":{"rendered":"http:\/\/www.blogdotarugao.com.br\/v1\/?p=13166"},"modified":"2014-07-18T08:53:22","modified_gmt":"2014-07-18T11:53:22","slug":"denuncia-mostra-irregularidade-na-distribuicao-das-casas-do-governo-federal-em-itapetinga","status":"publish","type":"post","link":"https:\/\/www.blogdotarugao.com.br\/v1\/2014\/07\/18\/denuncia-mostra-irregularidade-na-distribuicao-das-casas-do-governo-federal-em-itapetinga\/","title":{"rendered":"Den\u00fancia mostra irregularidade na distribui\u00e7\u00e3o das casas do governo federal em Itapetinga"},"content":{"rendered":"<p><a href=\"http:\/\/tribunadeitapetinga.com.br\/media\/2014\/07\/CAM00023.jpg\" class=\"gallery_colorbox\"><img loading=\"lazy\" alt=\"CAM00023\" src=\"http:\/\/tribunadeitapetinga.com.br\/media\/2014\/07\/CAM00023-400x300.jpg\"  width=\"400\" height=\"300\" \/><\/a><\/p>\n<p>Uma denuncia grav\u00edssima feita por uma contemplada do programa habitacional do governo federal Minha Casa Minha Vida em Itapetinga, chegou ao Tribuna na manh\u00e3 desta quinta-feira (17). A senhora m\u00e3e de tr\u00eas filhos, Liviane de Jesus Souza, solicitou que nossa reportagem fosse at\u00e9 as instala\u00e7\u00f5es da Secretaria de A\u00e7\u00e3o Social para ouvi-la e registrar uma poss\u00edvel fraude.<\/p>\n<p>Segundo a informante, seu nome saiu na lista do programa. Ela foi selecionada para receber uma das resid\u00eancias no Jos\u00e9 Ivo, assinou\u00a0 toda a documenta\u00e7\u00e3o e aguardaria apenas o dia de mudar para a sua nova casa. Mas para sua surpresa, quando foi receber a chave no Gin\u00e1sio de Esporte, foi informada que um \u201can\u00f4nimo\u201d tinha feito uma denuncia e Liviane j\u00e1 n\u00e3o poderia mais receber o im\u00f3vel. Desde ent\u00e3o a Sra Liviane, que reside com sua fam\u00edlia em um comodo doado pelo seu sogro no Bairro Am\u00e9rico Nogueira, resolveu correr atr\u00e1s do preju\u00edzo. Para provar que n\u00e3o tem casa pr\u00f3pria, ela recorreu ao Cart\u00f3rio de Registro de Im\u00f3veis da cidade, solicitando uma certid\u00e3o que prove sua afirma\u00e7\u00e3o.<\/p>\n<p><b>Secretaria irresponsavelmente acata denuncia an\u00f4nima e pune uma fam\u00edlia<\/b><\/p>\n<p><b><a href=\"http:\/\/tribunadeitapetinga.com.br\/media\/2014\/07\/CAM00022.jpg\" class=\"gallery_colorbox\"><img loading=\"lazy\" alt=\"CAM00022\" src=\"http:\/\/tribunadeitapetinga.com.br\/media\/2014\/07\/CAM00022-400x300.jpg\"  width=\"400\" height=\"300\" \/><\/a><\/b><\/p>\n<p>As informa\u00e7\u00f5es passadas pelos funcion\u00e1rios da Secretaria de A\u00e7\u00e3o Social d\u00e3o conta de que irresponsavelmente a secret\u00e1ria de Desenvolvimento Social acatou a denuncia an\u00f4nima feita contra a senhora Liviane. Uma pessoa n\u00e3o identificada teria ligado e informado que ela j\u00e1 possu\u00eda casa pr\u00f3pria. Como um \u00f3rg\u00e3o que se diz s\u00e9rio recebe uma denuncia an\u00f4nima e puni uma fam\u00edlia desta forma?<b><\/b><\/p>\n<p><strong>Ela diz uma coisa e faz outra<\/strong><\/p>\n<p><b><img loading=\"lazy\" id=\"irc_mi\" alt=\"\" src=\"http:\/\/www.cidadeacontece.com.br\/wp-content\/uploads\/2014\/04\/vere%C3%B4nica.jpg\" width=\"563\" height=\"422\" \/><\/b><\/p>\n<p>A quase 15 dias atr\u00e1s Ver\u00f4nica Rodrigues \u201cnossa secret\u00e1ria de Desenvolvimento Social\u201d, concedeu uma entrevista ao programa de Jos\u00e9 Elias na R\u00e1dio Fascina\u00e7\u00e3o. Foi questionada por ouvintes sobre varias denuncias feitas atrav\u00e9s da m\u00eddia, denuncias que davam conta de assessores de vereadores, pessoas ligadas a 1\u00aa dama e outras fora dos padr\u00f5es estabelecidos que estavam sendo beneficiados. Em contrapartida, as fam\u00edlias mais carentes e necessitadas foram esquecidas e exclu\u00eddas. Um blog\u00a0 da cidade chegou a divulgar que muitas fam\u00edlias que j\u00e1 haviam sido selecionadas foram descartadas e outras que nem sequer tinham os nomes na lista, foram contempladas no programa.<\/p>\n<p>Para justificar, Ver\u00f4nica deu a seguinte resposta \u201cs\u00f3 podemos tirar a casa de algu\u00e9m se essas denuncias forem provadas. Caso algu\u00e9m que est\u00e1 denunciando tenha provas concretas, que leve a Secretaria e ent\u00e3o tomaremos as devidas providencias\u201d.<\/p>\n<p>Como pode-se fazer um discurso deste e tentar excluir uma fam\u00edlia pobre e necessitada porque algu\u00e9m ligou e deu uma informa\u00e7\u00e3o an\u00f4nima?<\/p>\n<p><b><br \/>\n<\/b><b>Vereador Tarug\u00e3o solicita provas da denuncia<\/b><\/p>\n<p>O caso tamb\u00e9m foi levado pela vitima ao conhecimento do vereador Tarug\u00e3o (PRP). O edil se dirigiu a secret\u00e1ria e foi recebido depois de muita press\u00e3o. Para sua indigna\u00e7\u00e3o, foi informado de que n\u00e3o h\u00e1 registro de quem denunciou e, nenhum documento que comprove que Liviane tenha uma casa pr\u00f3pria.<\/p>\n<p><b>Minist\u00e9rio P\u00fablico, cad\u00ea voc\u00ea?<\/b><\/p>\n<p>A respeito deste assunto que n\u00e3o \u00e9 novo em Itapetinga, quero deixar a minha opini\u00e3o.<\/p>\n<p>Recentemente li algo que me chamou a aten\u00e7\u00e3o e quero compartilhar aqui\u00a0 \u201cquando a pol\u00edtica penetra no recinto dos Tribunais, a Justi\u00e7a se retira por alguma porta.\u201d (Guizot)<\/p>\n<p>Seria isso uma realidade no munic\u00edpio? Quantas fam\u00edlias podem ter sido prejudicadas? Liviane teve coragem e mostrou que estava sendo injusti\u00e7ada. Por v\u00e1rios dias foi a Secretaria em busca de solu\u00e7\u00e3o, todas as vezes tentaram engan\u00e1-la com conversa fiada. Quase chorando ela contou: \u201ctentei resolver isso da melhor forma, s\u00f3 que eles n\u00e3o estavam demonstrando qualquer interesse, foi a\u00ed que resolvi chamar voc\u00eas\u201d finalizou.<\/p>\n<p>Solicitamos ao Minist\u00e9rio P\u00fablico que investigue estes fatos e aos vereadores que denuncie, pois est\u00e1 comprovado que existe erros grav\u00edssimos acontecendo na sele\u00e7\u00e3o das casas do governo federal. Reda\u00e7\u00e3o do Tribuna<\/p>\n<p>&nbsp;<\/p>\n<p><a style=\"font-size: 14px; line-height: 1.5em;\" href=\"http:\/\/tribunadeitapetinga.com.br\/media\/2014\/07\/CAM00029.jpg\" class=\"gallery_colorbox\"><img loading=\"lazy\" alt=\"CAM00029\" src=\"http:\/\/tribunadeitapetinga.com.br\/media\/2014\/07\/CAM00029-120x120.jpg\"  width=\"120\" height=\"120\" \/><\/a><a style=\"font-size: 14px; line-height: 1.5em;\" href=\"http:\/\/tribunadeitapetinga.com.br\/media\/2014\/07\/CAM00033.jpg\" class=\"gallery_colorbox\"><img loading=\"lazy\" alt=\"CAM00033\" src=\"http:\/\/tribunadeitapetinga.com.br\/media\/2014\/07\/CAM00033-120x120.jpg\"  width=\"120\" height=\"120\" \/><\/a><a style=\"font-size: 14px; line-height: 1.5em;\" href=\"http:\/\/tribunadeitapetinga.com.br\/media\/2014\/07\/CAM00036.jpg\" class=\"gallery_colorbox\"><img loading=\"lazy\" alt=\"CAM00036\" src=\"http:\/\/tribunadeitapetinga.com.br\/media\/2014\/07\/CAM00036-120x120.jpg\"  width=\"120\" height=\"120\" \/><\/a><a style=\"font-size: 14px; line-height: 1.5em;\" href=\"http:\/\/tribunadeitapetinga.com.br\/media\/2014\/07\/CAM00042.jpg\" class=\"gallery_colorbox\"><img loading=\"lazy\" alt=\"CAM00042\" src=\"http:\/\/tribunadeitapetinga.com.br\/media\/2014\/07\/CAM00042-120x120.jpg\"  width=\"120\" height=\"120\" \/><\/a><\/p>\n<p>&nbsp;<\/p>\n<p><strong>Fonte: Tribuna de Itapetinga<\/strong><\/p>\n","protected":false},"excerpt":{"rendered":"<p>Uma denuncia grav\u00edssima feita por uma contemplada do programa habitacional do governo federal Minha Casa Minha Vida em Itapetinga, chegou ao Tribuna na manh\u00e3 desta quinta-feira (17). A senhora m\u00e3e de tr\u00eas filhos, Liviane de Jesus Souza, solicitou que nossa reportagem fosse at\u00e9 as instala\u00e7\u00f5es da Secretaria de A\u00e7\u00e3o Social para ouvi-la e registrar uma [&hellip;]<\/p>\n","protected":false},"author":2,"featured_media":0,"comment_status":"open","ping_status":"open","sticky":false,"template":"","format":"standard","meta":{"_links_to":"","_links_to_target":""},"categories":[2,1,7],"tags":[],"_links":{"self":[{"href":"https:\/\/www.blogdotarugao.com.br\/v1\/wp-json\/wp\/v2\/posts\/13166"}],"collection":[{"href":"https:\/\/www.blogdotarugao.com.br\/v1\/wp-json\/wp\/v2\/posts"}],"about":[{"href":"https:\/\/www.blogdotarugao.com.br\/v1\/wp-json\/wp\/v2\/types\/post"}],"author":[{"embeddable":true,"href":"https:\/\/www.blogdotarugao.com.br\/v1\/wp-json\/wp\/v2\/users\/2"}],"replies":[{"embeddable":true,"href":"https:\/\/www.blogdotarugao.com.br\/v1\/wp-json\/wp\/v2\/comments?post=13166"}],"version-history":[{"count":7,"href":"https:\/\/www.blogdotarugao.com.br\/v1\/wp-json\/wp\/v2\/posts\/13166\/revisions"}],"predecessor-version":[{"id":13174,"href":"https:\/\/www.blogdotarugao.com.br\/v1\/wp-json\/wp\/v2\/posts\/13166\/revisions\/13174"}],"wp:attachment":[{"href":"https:\/\/www.blogdotarugao.com.br\/v1\/wp-json\/wp\/v2\/media?parent=13166"}],"wp:term":[{"taxonomy":"category","embeddable":true,"href":"https:\/\/www.blogdotarugao.com.br\/v1\/wp-json\/wp\/v2\/categories?post=13166"},{"taxonomy":"post_tag","embeddable":true,"href":"https:\/\/www.blogdotarugao.com.br\/v1\/wp-json\/wp\/v2\/tags?post=13166"}],"curies":[{"name":"wp","href":"https:\/\/api.w.org\/{rel}","templated":true}]}}