{"id":13388,"date":"2014-07-22T08:33:01","date_gmt":"2014-07-22T11:33:01","guid":{"rendered":"http:\/\/www.blogdotarugao.com.br\/v1\/?p=13388"},"modified":"2014-07-22T08:33:01","modified_gmt":"2014-07-22T11:33:01","slug":"lula-diz-em-video-que-jovens-precisam-parar-de-reclamar","status":"publish","type":"post","link":"https:\/\/www.blogdotarugao.com.br\/v1\/2014\/07\/22\/lula-diz-em-video-que-jovens-precisam-parar-de-reclamar\/","title":{"rendered":"Lula diz em v\u00eddeo que jovens precisam parar de reclamar"},"content":{"rendered":"<p>Em mais um v\u00eddeo da s\u00e9rie que vem sendo divulgada pelo Instituto Lula, o ex-presidente Luiz In\u00e1cio Lula da Silva (PT) afirma que a esperan\u00e7a \u00e9 a &#8220;palavra-chave que move as pessoas&#8221; e deve estar especialmente presente nos jovens.<\/p>\n<p>&#8220;\u00c0s vezes digo para os meus filhos: posso perder a esperan\u00e7a porque tenho 68 anos e vou completar 69 em 27 de outubro. Meus sonhos e esperan\u00e7as t\u00eam que ser menores do que o sonho e a esperan\u00e7a de um moleque de 16, 17 anos, que est\u00e1 em casa, que est\u00e1 no iPad falando mal de algu\u00e9m&#8221;, afirmou.<\/p>\n<p>&#8220;Al\u00e9m de sentar na frente da televis\u00e3o, do computador e xingar todo mundo, dizer que ningu\u00e9m presta, \u00e9 preciso perguntar: o que eu fiz?&#8221;<br \/>\n<img loading=\"lazy\" title=\"Foto: Reprodu\u00e7\u00e3o\" alt=\"\" src=\"http:\/\/bocaonews.com.br\/ckfinder\/userfiles\/fotos_e_imagens\/POLITICA\/BRASIL\/PRESIDENTE-VICE-E-EX\/Lula(1).jpeg\" width=\"640\" height=\"426\" \/><br \/>\nO ex-presidente contou que, certa vez, fez um curso no sindicato em que a professora perguntava sobre os sonhos de cada um e o que estavam fazendo para concretiz\u00e1-los.<\/p>\n<p>&#8220;Muitas vezes fic\u00e1vamos decepcionados porque a gente n\u00e3o tinha feito nada&#8221;, disse. &#8220;Tem que levantar a cabe\u00e7a e ter esperan\u00e7a. Tem que colocar a cabe\u00e7a no travesseiro e perguntar: O que eu fiz de bom hoje?&#8221;<\/p>\n<p>Lula disse que sua m\u00e3e tamb\u00e9m foi um exemplo desse tipo de atitude na vida. &#8220;Eu via a minha m\u00e3e, com oito filhos&#8230; \u00c0s vezes ela n\u00e3o tinha nem feij\u00e3o para colocar no fogo e eu n\u00e3o via minha m\u00e3e reclamar. Ela sempre achava que amanh\u00e3 ia ser melhor&#8221;, lembrou. &#8220;Em vez de ficar reclamando daquilo que os outros fazem, daquilo que os outros t\u00eam, acho que temos que trabalhar para coisas concretas.&#8221;<\/p>\n<p>O ex-presidente disse que &#8220;temos tudo para fazer neste Pa\u00eds&#8221; e lembrou a riqueza em biodiversidade e a qualidade do povo brasileiro, &#8220;ordeiro, alegre, resultado de uma mistura extraordin\u00e1ria&#8221;.<\/p>\n","protected":false},"excerpt":{"rendered":"<p>Em mais um v\u00eddeo da s\u00e9rie que vem sendo divulgada pelo Instituto Lula, o ex-presidente Luiz In\u00e1cio Lula da Silva (PT) afirma que a esperan\u00e7a \u00e9 a &#8220;palavra-chave que move as pessoas&#8221; e deve estar especialmente presente nos jovens. &#8220;\u00c0s vezes digo para os meus filhos: posso perder a esperan\u00e7a porque tenho 68 anos e [&hellip;]<\/p>\n","protected":false},"author":2,"featured_media":0,"comment_status":"open","ping_status":"open","sticky":false,"template":"","format":"standard","meta":{"_links_to":"","_links_to_target":""},"categories":[1,7],"tags":[],"_links":{"self":[{"href":"https:\/\/www.blogdotarugao.com.br\/v1\/wp-json\/wp\/v2\/posts\/13388"}],"collection":[{"href":"https:\/\/www.blogdotarugao.com.br\/v1\/wp-json\/wp\/v2\/posts"}],"about":[{"href":"https:\/\/www.blogdotarugao.com.br\/v1\/wp-json\/wp\/v2\/types\/post"}],"author":[{"embeddable":true,"href":"https:\/\/www.blogdotarugao.com.br\/v1\/wp-json\/wp\/v2\/users\/2"}],"replies":[{"embeddable":true,"href":"https:\/\/www.blogdotarugao.com.br\/v1\/wp-json\/wp\/v2\/comments?post=13388"}],"version-history":[{"count":1,"href":"https:\/\/www.blogdotarugao.com.br\/v1\/wp-json\/wp\/v2\/posts\/13388\/revisions"}],"predecessor-version":[{"id":13389,"href":"https:\/\/www.blogdotarugao.com.br\/v1\/wp-json\/wp\/v2\/posts\/13388\/revisions\/13389"}],"wp:attachment":[{"href":"https:\/\/www.blogdotarugao.com.br\/v1\/wp-json\/wp\/v2\/media?parent=13388"}],"wp:term":[{"taxonomy":"category","embeddable":true,"href":"https:\/\/www.blogdotarugao.com.br\/v1\/wp-json\/wp\/v2\/categories?post=13388"},{"taxonomy":"post_tag","embeddable":true,"href":"https:\/\/www.blogdotarugao.com.br\/v1\/wp-json\/wp\/v2\/tags?post=13388"}],"curies":[{"name":"wp","href":"https:\/\/api.w.org\/{rel}","templated":true}]}}