{"id":13507,"date":"2014-07-24T20:07:54","date_gmt":"2014-07-24T23:07:54","guid":{"rendered":"http:\/\/www.blogdotarugao.com.br\/v1\/?p=13507"},"modified":"2014-07-24T20:07:54","modified_gmt":"2014-07-24T23:07:54","slug":"morre-prefeita-de-sao-francisco-do-conde-rilza-valentim","status":"publish","type":"post","link":"https:\/\/www.blogdotarugao.com.br\/v1\/2014\/07\/24\/morre-prefeita-de-sao-francisco-do-conde-rilza-valentim\/","title":{"rendered":"Morre prefeita de S\u00e3o Francisco do Conde, Rilza Valentim"},"content":{"rendered":"<p>O vice-prefeito da cidade, Evandro, deve assumir o comando do munic\u00edpio<\/p>\n<table>\n<thead>\n<tr>\n<th scope=\"col\"><img loading=\"lazy\" title=\"Foto: Divulga\u00e7\u00e3o\" alt=\"\" src=\"http:\/\/www.correio24horas.com.br\/uploads\/RTEmagicC_rilzavalentim.jpg.jpg\" width=\"350\" height=\"424\" \/><\/th>\n<\/tr>\n<\/thead>\n<tbody>\n<tr>\n<td>Prefeita morreu em hospital de Salvador<\/td>\n<\/tr>\n<\/tbody>\n<\/table>\n<p>A prefeita de S\u00e3o Francisco do Conde, Rilza Valentim (PT), morreu na noite desta quinta-feira (24). Segundo informa\u00e7\u00f5es, ela estava internada no Hospital Alian\u00e7a e faleceu na unidade. O vice-prefeito da cidade, Evandro Almeida (PP), deve assumir o comando do munic\u00edpio.<\/p>\n<p>Segundo informa\u00e7\u00f5es do PT, a prefeita sofria de anemia falciforme e passou mal durante a semana, morrendo na noite de hoje &#8211; de acordo com o hospital, ela sofreu uma embolia pulmonar e faleceu por volta das 17h30 de hoje. Ainda n\u00e3o h\u00e1 informa\u00e7\u00f5es sobre o sepultamento.<\/p>\n<p>No \u00faltimo dia 17, ela participou com outros prefeitos e com o governador Jaques Wagner da primeira reuni\u00e3o do Colegiado da Entidade Metropolitana da RMS.<\/p>\n<p>A prefeita foi reeleita em 2012 e ainda tinha mais 2 anos do segundo mandato pela frente.<\/p>\n<p>Rilza, que era natural de S\u00e3o Francisco do Conde, tinha 52 anos. Ela deixa tr\u00eas filhos.<\/p>\n<p>Rilza foi professora de Qu\u00edmica e come\u00e7ou sua carreira na vida p\u00fablica ao assumir a Secretaria Municipal de Educa\u00e7\u00e3o de S\u00e3o Francisco do Conde. Depois ela foi eleita vereadora para dois mandatos e em 2008 foi eleita prefeita, depois de tamb\u00e9m ser vice-prefeita na gest\u00e3o de Antonio Calmon.<\/p>\n<p>A prefeitura de S\u00e3o Francisco do Conde\u00a0mantinha um programa de assist\u00eancia aos portadores de anemia ou tra\u00e7o falciforme desde o in\u00edcio da sua gest\u00e3o. A anemia falciforme \u00e9 uma doen\u00e7a gen\u00e9tica e heredit\u00e1ria, predominante em negros, mas que pode manifestar-se tamb\u00e9m nos brancos. Os gl\u00f3bulos vermelhos sofrem uma altera\u00e7\u00e3o, perdendo a forma arredondada e el\u00e1stica, adquirindo o aspecto de foice e endurecendo, o que dificulta a passagem do sangue pelos vasos de pequeno calibre e a oxigena\u00e7\u00e3o dos tecidos. A doen\u00e7a piora continuamente ao longo do tempo, reduzindo a expectativa de vida do paciente para uma m\u00e9dia de 40 anos.<\/p>\n<table>\n<thead>\n<tr>\n<th scope=\"col\"><img loading=\"lazy\" alt=\"\" src=\"http:\/\/w2.c24hsttc.net\/uploads\/RTEmagicC_rilzavalentim02.jpg.jpg\" width=\"620\" height=\"931\" \/><\/th>\n<\/tr>\n<\/thead>\n<tbody>\n<tr>\n<td>Rilza morreu aos 52 anos de idade (Foto: Divulga\u00e7\u00e3o)<\/td>\n<\/tr>\n<\/tbody>\n<\/table>\n","protected":false},"excerpt":{"rendered":"<p>O vice-prefeito da cidade, Evandro, deve assumir o comando do munic\u00edpio Prefeita morreu em hospital de Salvador A prefeita de S\u00e3o Francisco do Conde, Rilza Valentim (PT), morreu na noite desta quinta-feira (24). Segundo informa\u00e7\u00f5es, ela estava internada no Hospital Alian\u00e7a e faleceu na unidade. O vice-prefeito da cidade, Evandro Almeida (PP), deve assumir o [&hellip;]<\/p>\n","protected":false},"author":2,"featured_media":0,"comment_status":"open","ping_status":"open","sticky":false,"template":"","format":"standard","meta":{"_links_to":"","_links_to_target":""},"categories":[6,1,7],"tags":[],"_links":{"self":[{"href":"https:\/\/www.blogdotarugao.com.br\/v1\/wp-json\/wp\/v2\/posts\/13507"}],"collection":[{"href":"https:\/\/www.blogdotarugao.com.br\/v1\/wp-json\/wp\/v2\/posts"}],"about":[{"href":"https:\/\/www.blogdotarugao.com.br\/v1\/wp-json\/wp\/v2\/types\/post"}],"author":[{"embeddable":true,"href":"https:\/\/www.blogdotarugao.com.br\/v1\/wp-json\/wp\/v2\/users\/2"}],"replies":[{"embeddable":true,"href":"https:\/\/www.blogdotarugao.com.br\/v1\/wp-json\/wp\/v2\/comments?post=13507"}],"version-history":[{"count":1,"href":"https:\/\/www.blogdotarugao.com.br\/v1\/wp-json\/wp\/v2\/posts\/13507\/revisions"}],"predecessor-version":[{"id":13508,"href":"https:\/\/www.blogdotarugao.com.br\/v1\/wp-json\/wp\/v2\/posts\/13507\/revisions\/13508"}],"wp:attachment":[{"href":"https:\/\/www.blogdotarugao.com.br\/v1\/wp-json\/wp\/v2\/media?parent=13507"}],"wp:term":[{"taxonomy":"category","embeddable":true,"href":"https:\/\/www.blogdotarugao.com.br\/v1\/wp-json\/wp\/v2\/categories?post=13507"},{"taxonomy":"post_tag","embeddable":true,"href":"https:\/\/www.blogdotarugao.com.br\/v1\/wp-json\/wp\/v2\/tags?post=13507"}],"curies":[{"name":"wp","href":"https:\/\/api.w.org\/{rel}","templated":true}]}}