{"id":13595,"date":"2014-07-26T14:58:23","date_gmt":"2014-07-26T17:58:23","guid":{"rendered":"http:\/\/www.blogdotarugao.com.br\/v1\/?p=13595"},"modified":"2014-07-26T14:58:23","modified_gmt":"2014-07-26T17:58:23","slug":"conquista-ganha-2o-sac-enquanto-o-de-itapetinga-fica-so-na-promessa","status":"publish","type":"post","link":"https:\/\/www.blogdotarugao.com.br\/v1\/2014\/07\/26\/conquista-ganha-2o-sac-enquanto-o-de-itapetinga-fica-so-na-promessa\/","title":{"rendered":"CONQUISTA GANHA 2\u00ba SAC, ENQUANTO O DE ITAPETINGA FICA S\u00d3 NA PROMESSA"},"content":{"rendered":"<p><a href=\"http:\/\/www.sudoestehoje.com.br\/novoportal\/wp-content\/uploads\/2014\/07\/sac-conquista.jpg\" class=\"gallery_colorbox\"><img alt=\"2\u00ba SAC de Conquista ser\u00e1 inaugurado no m\u00eas de agosto e fica no Shopping.\" src=\"http:\/\/www.sudoestehoje.com.br\/novoportal\/wp-content\/uploads\/2014\/07\/sac-conquista.jpg\"  width=\"500\" \/><\/a><\/p>\n<p>2\u00ba SAC de Conquista ser\u00e1 inaugurado no m\u00eas de agosto e fica no Shopping. Foto Rodrigo Ferraz<\/p>\n<p>ITAPETINGA \u2013 Mesmo antes de assumir o seu primeiro mandato como prefeito de Itapetinga, Z\u00e9 Carlos j\u00e1 prometia a vinda de uma unidade do SAC para a cidade, promessa que vem se arrastando h\u00e1 quase seis anos, e nada de SAC.<\/p>\n<p>Quando \u00e9 criticado pelas suas viagens in\u00fateis a Salvador, \u00e0s custas do er\u00e1rio, o prefeito se irrita e repete a mesma hist\u00f3ria, afirmando que foi \u00e0 capital em busca do IML e do SAC, que agora virou \u2018Ponto Cidad\u00e3o\u2019, uma vers\u00e3o simplificada que j\u00e1 vem sendo implantada em cidades de porte m\u00e9dio, muitas delas menores e menos importantes que Itapetinga.<\/p>\n<p>O Ponto Cidad\u00e3o faz parte do famoso \u2018Kit Prefeito\u2019, e \u00a0\u00e9 reservado aos gestores considerados \u2018chatos e insistentes\u2019, que vivem aporrinhando o governador e seus secret\u00e1rios, pedindo obras para os seus munic\u00edpios. Para n\u00e3o sairem de m\u00e3os vazias, recebem um \u2018Saquinho\u2019 de lambuja. Mas nem isto Z\u00e9 Carlos consegue fazer, pois n\u00e3o arranja nada com o governador.<\/p>\n<p>E olha que o governo, de cabo a rabo, \u00e9 do seu partido\u2026<\/p>\n<p><strong><em>Fonte: Sudoeste Hoje<\/em><\/strong><\/p>\n","protected":false},"excerpt":{"rendered":"<p>2\u00ba SAC de Conquista ser\u00e1 inaugurado no m\u00eas de agosto e fica no Shopping. Foto Rodrigo Ferraz ITAPETINGA \u2013 Mesmo antes de assumir o seu primeiro mandato como prefeito de Itapetinga, Z\u00e9 Carlos j\u00e1 prometia a vinda de uma unidade do SAC para a cidade, promessa que vem se arrastando h\u00e1 quase seis anos, e [&hellip;]<\/p>\n","protected":false},"author":2,"featured_media":0,"comment_status":"open","ping_status":"open","sticky":false,"template":"","format":"standard","meta":{"_links_to":"","_links_to_target":""},"categories":[6,1,7,3],"tags":[],"_links":{"self":[{"href":"https:\/\/www.blogdotarugao.com.br\/v1\/wp-json\/wp\/v2\/posts\/13595"}],"collection":[{"href":"https:\/\/www.blogdotarugao.com.br\/v1\/wp-json\/wp\/v2\/posts"}],"about":[{"href":"https:\/\/www.blogdotarugao.com.br\/v1\/wp-json\/wp\/v2\/types\/post"}],"author":[{"embeddable":true,"href":"https:\/\/www.blogdotarugao.com.br\/v1\/wp-json\/wp\/v2\/users\/2"}],"replies":[{"embeddable":true,"href":"https:\/\/www.blogdotarugao.com.br\/v1\/wp-json\/wp\/v2\/comments?post=13595"}],"version-history":[{"count":1,"href":"https:\/\/www.blogdotarugao.com.br\/v1\/wp-json\/wp\/v2\/posts\/13595\/revisions"}],"predecessor-version":[{"id":13596,"href":"https:\/\/www.blogdotarugao.com.br\/v1\/wp-json\/wp\/v2\/posts\/13595\/revisions\/13596"}],"wp:attachment":[{"href":"https:\/\/www.blogdotarugao.com.br\/v1\/wp-json\/wp\/v2\/media?parent=13595"}],"wp:term":[{"taxonomy":"category","embeddable":true,"href":"https:\/\/www.blogdotarugao.com.br\/v1\/wp-json\/wp\/v2\/categories?post=13595"},{"taxonomy":"post_tag","embeddable":true,"href":"https:\/\/www.blogdotarugao.com.br\/v1\/wp-json\/wp\/v2\/tags?post=13595"}],"curies":[{"name":"wp","href":"https:\/\/api.w.org\/{rel}","templated":true}]}}