{"id":137916,"date":"2021-04-05T19:32:48","date_gmt":"2021-04-05T22:32:48","guid":{"rendered":"http:\/\/www.blogdotarugao.com.br\/v1\/?p=137916"},"modified":"2021-04-05T19:32:48","modified_gmt":"2021-04-05T22:32:48","slug":"na-contramao-de-kassio-gilmar-mendes-mantem-proibicao-de-cultos-e-missas","status":"publish","type":"post","link":"https:\/\/www.blogdotarugao.com.br\/v1\/2021\/04\/05\/na-contramao-de-kassio-gilmar-mendes-mantem-proibicao-de-cultos-e-missas\/","title":{"rendered":"NA CONTRAM\u00c3O DE KASSIO, GILMAR MENDES MANT\u00c9M PROIBI\u00c7\u00c3O DE CULTOS E MISSAS"},"content":{"rendered":"<h3><img loading=\"lazy\" class=\"\" src=\"https:\/\/www.metro1.com.br\/noticias\/105665,na-contramao-de-kassio-gilmar-mendes-mantem-proibicao-de-cultos-e-missas-em-sp-3.jpg\" alt=\"[Na contram\u00e3o de Kassio, Gilmar Mendes mant\u00e9m proibi\u00e7\u00e3o de cultos e missas em SP ]\" width=\"581\" height=\"273\" \/><\/h3>\n<h3>O ministro Gilmar Mendes, do Supremo Tribunal Federal (STF), rejeitou hoje (5) a concess\u00e3o de uma liminar (decis\u00e3o provis\u00f3ria) para suspender o decreto do governo de S\u00e3o Paulo que pro\u00edbe celebra\u00e7\u00f5es religiosas no estado diante do aumento expressivo dos casos e mortes pela Covid-19.<\/h3>\n<h3>A decis\u00e3o vai na contram\u00e3o da determina\u00e7\u00e3o, em liminar, que o ministro Kassio Nunes Marques concedeu neste s\u00e1bado (3). De acordo com ele, mesmo na situa\u00e7\u00e3o de calamidade da pandemia, estados, munic\u00edpios e Distrito Federal n\u00e3o podem editar normas de combate \u00e0 pandemia do novo coronav\u00edrus que pro\u00edbam completamente celebra\u00e7\u00f5es religiosas presenciais, como cultos e missas.<\/h3>\n<h3>Mendes enviou o caso ao plen\u00e1rio da Corte,\u00a0<a href=\"https:\/\/www.metro1.com.br\/noticias\/justica\/105660,fux-marca-para-quarta-feira-decisao-do-stf-sobre-liberacao-de-cultos-e-missas\">que discutir\u00e1 nesta quarta-feira (7) a posi\u00e7\u00e3o definitiva sobre a libera\u00e7\u00e3o de cultos e outras pr\u00e1ticas religiosas<\/a>\u00a0presencialmente durante a pandemia da Covid-19.<\/h3>\n<p><span style=\"color: #0000ff;\">RK<\/span><\/p>\n","protected":false},"excerpt":{"rendered":"<p>O ministro Gilmar Mendes, do Supremo Tribunal Federal (STF), rejeitou hoje (5) a concess\u00e3o de uma liminar (decis\u00e3o provis\u00f3ria) para suspender o decreto do governo de S\u00e3o Paulo que pro\u00edbe celebra\u00e7\u00f5es religiosas no estado diante do aumento expressivo dos casos e mortes pela Covid-19. A decis\u00e3o vai na contram\u00e3o da determina\u00e7\u00e3o, em liminar, que o [&hellip;]<\/p>\n","protected":false},"author":2,"featured_media":0,"comment_status":"open","ping_status":"open","sticky":false,"template":"","format":"standard","meta":{"_links_to":"","_links_to_target":""},"categories":[1],"tags":[],"_links":{"self":[{"href":"https:\/\/www.blogdotarugao.com.br\/v1\/wp-json\/wp\/v2\/posts\/137916"}],"collection":[{"href":"https:\/\/www.blogdotarugao.com.br\/v1\/wp-json\/wp\/v2\/posts"}],"about":[{"href":"https:\/\/www.blogdotarugao.com.br\/v1\/wp-json\/wp\/v2\/types\/post"}],"author":[{"embeddable":true,"href":"https:\/\/www.blogdotarugao.com.br\/v1\/wp-json\/wp\/v2\/users\/2"}],"replies":[{"embeddable":true,"href":"https:\/\/www.blogdotarugao.com.br\/v1\/wp-json\/wp\/v2\/comments?post=137916"}],"version-history":[{"count":1,"href":"https:\/\/www.blogdotarugao.com.br\/v1\/wp-json\/wp\/v2\/posts\/137916\/revisions"}],"predecessor-version":[{"id":137917,"href":"https:\/\/www.blogdotarugao.com.br\/v1\/wp-json\/wp\/v2\/posts\/137916\/revisions\/137917"}],"wp:attachment":[{"href":"https:\/\/www.blogdotarugao.com.br\/v1\/wp-json\/wp\/v2\/media?parent=137916"}],"wp:term":[{"taxonomy":"category","embeddable":true,"href":"https:\/\/www.blogdotarugao.com.br\/v1\/wp-json\/wp\/v2\/categories?post=137916"},{"taxonomy":"post_tag","embeddable":true,"href":"https:\/\/www.blogdotarugao.com.br\/v1\/wp-json\/wp\/v2\/tags?post=137916"}],"curies":[{"name":"wp","href":"https:\/\/api.w.org\/{rel}","templated":true}]}}