{"id":137925,"date":"2021-04-05T20:32:30","date_gmt":"2021-04-05T23:32:30","guid":{"rendered":"http:\/\/www.blogdotarugao.com.br\/v1\/?p=137925"},"modified":"2021-04-06T06:52:58","modified_gmt":"2021-04-06T09:52:58","slug":"numero-de-internados-com-casos-graves-de-covid-19-alcancam-novo-recorde-na-bahia","status":"publish","type":"post","link":"https:\/\/www.blogdotarugao.com.br\/v1\/2021\/04\/05\/numero-de-internados-com-casos-graves-de-covid-19-alcancam-novo-recorde-na-bahia\/","title":{"rendered":"N\u00daMERO DE INTERNADOS COM CASOS GRAVES DE COVID-19 ALCAN\u00c7AM NOVO RECORDE NA BAHIA"},"content":{"rendered":"<h3><img loading=\"lazy\" class=\"wp-image-137926 alignleft\" src=\"http:\/\/www.blogdotarugao.com.br\/v1\/wp-content\/uploads\/2021\/04\/A-9.jpg\" alt=\"\" width=\"585\" height=\"431\" \/>A Bahia bateu um novo recorde, nesta segunda-feira (5), de pacientes internados com casos graves da Covid-19. Conforme dados publicados no boletim epidemiol\u00f3gico da Secretaria Estadual da Sa\u00fade (Sesab), 1.291 pessoas ocupam leitos de terapia intensiva exclusivos para o tratamento da doen\u00e7a no estado.<\/h3>\n<h3>A eleva\u00e7\u00e3o na quantidade absoluta de pessoas internadas com casos graves da doen\u00e7a fez crescer a taxa de ocupa\u00e7\u00e3o dos leitos de UTI para adultos, que saiu de 83% no domingo (4) para 85% nesta segunda-feira (5). Nas unidades pedi\u00e1tricas de terapia intensiva, o percentual tamb\u00e9m subiu, de 39% para 50%.<\/h3>\n<h3>Nas \u00faltimas 24 horas, a Sesab registrou 2.073 novas contamina\u00e7\u00f5es e 86 mortes por Covid-19. Com isso, a Bahia acumula agora 817.722 casos confirmados do novo coronav\u00edrus e 15.796 \u00f3bitos em decorr\u00eancia da doen\u00e7a desde o in\u00edcio da pandemia.<\/h3>\n<h3>O n\u00famero de casos ativos da Covid-19, por outro lado, apresentou uma pequena redu\u00e7\u00e3o, de 14.287 para 14.206 nas \u00faltimas 24 horas. Os 10 munic\u00edpios baianos com mais contaminados s\u00e3o Salvador (2.827), Feira de Santana (573), Itabuna (422), Vit\u00f3ria da Conquista (369), Ilh\u00e9us (338), Cama\u00e7ari (281), Lauro de Freitas (270), Guanambi (267), Sim\u00f5es Filho (224) e Juazeiro (178).<\/h3>\n<h3>Fonte: BN<\/h3>\n","protected":false},"excerpt":{"rendered":"<p>A Bahia bateu um novo recorde, nesta segunda-feira (5), de pacientes internados com casos graves da Covid-19. Conforme dados publicados no boletim epidemiol\u00f3gico da Secretaria Estadual da Sa\u00fade (Sesab), 1.291 pessoas ocupam leitos de terapia intensiva exclusivos para o tratamento da doen\u00e7a no estado. A eleva\u00e7\u00e3o na quantidade absoluta de pessoas internadas com casos graves [&hellip;]<\/p>\n","protected":false},"author":2,"featured_media":0,"comment_status":"open","ping_status":"open","sticky":false,"template":"","format":"standard","meta":{"_links_to":"","_links_to_target":""},"categories":[1],"tags":[],"_links":{"self":[{"href":"https:\/\/www.blogdotarugao.com.br\/v1\/wp-json\/wp\/v2\/posts\/137925"}],"collection":[{"href":"https:\/\/www.blogdotarugao.com.br\/v1\/wp-json\/wp\/v2\/posts"}],"about":[{"href":"https:\/\/www.blogdotarugao.com.br\/v1\/wp-json\/wp\/v2\/types\/post"}],"author":[{"embeddable":true,"href":"https:\/\/www.blogdotarugao.com.br\/v1\/wp-json\/wp\/v2\/users\/2"}],"replies":[{"embeddable":true,"href":"https:\/\/www.blogdotarugao.com.br\/v1\/wp-json\/wp\/v2\/comments?post=137925"}],"version-history":[{"count":2,"href":"https:\/\/www.blogdotarugao.com.br\/v1\/wp-json\/wp\/v2\/posts\/137925\/revisions"}],"predecessor-version":[{"id":137940,"href":"https:\/\/www.blogdotarugao.com.br\/v1\/wp-json\/wp\/v2\/posts\/137925\/revisions\/137940"}],"wp:attachment":[{"href":"https:\/\/www.blogdotarugao.com.br\/v1\/wp-json\/wp\/v2\/media?parent=137925"}],"wp:term":[{"taxonomy":"category","embeddable":true,"href":"https:\/\/www.blogdotarugao.com.br\/v1\/wp-json\/wp\/v2\/categories?post=137925"},{"taxonomy":"post_tag","embeddable":true,"href":"https:\/\/www.blogdotarugao.com.br\/v1\/wp-json\/wp\/v2\/tags?post=137925"}],"curies":[{"name":"wp","href":"https:\/\/api.w.org\/{rel}","templated":true}]}}