{"id":138019,"date":"2021-04-07T19:00:05","date_gmt":"2021-04-07T22:00:05","guid":{"rendered":"http:\/\/www.blogdotarugao.com.br\/v1\/?p=138019"},"modified":"2021-04-07T19:00:05","modified_gmt":"2021-04-07T22:00:05","slug":"novo-diretor-geral-da-pf-planeja-mudar-responsavel-por-combate-a-corrupcao","status":"publish","type":"post","link":"https:\/\/www.blogdotarugao.com.br\/v1\/2021\/04\/07\/novo-diretor-geral-da-pf-planeja-mudar-responsavel-por-combate-a-corrupcao\/","title":{"rendered":"NOVO DIRETOR-GERAL DA PF PLANEJA MUDAR RESPONS\u00c1VEL POR COMBATE \u00c0 CORRUP\u00c7\u00c3O"},"content":{"rendered":"<h3><img loading=\"lazy\" class=\"wp-image-138020 alignleft\" src=\"http:\/\/www.blogdotarugao.com.br\/v1\/wp-content\/uploads\/2021\/04\/105760novo-diretor-geral-da-pf-planeja-mudar-responsavel-por-combate-a-corrupcao-3-1.jpg\" alt=\"\" width=\"585\" height=\"275\" \/>O novo diretor-geral da Pol\u00edcia Federal (PF), Paulo Maiurino, planeja trocar o comando da Diretoria de Investiga\u00e7\u00e3o e Combate ao Crime Organizado, a mais importante na hierarquia da PF.<\/h3>\n<h3>Maiurino foi anunciado para o cargo de diretor-geral da PF ontem (6), menos de 12 horas ap\u00f3s a posse do novo ministro da Justi\u00e7a, Anderson Torres. Est\u00e1 prevista para hoje (7) \u00e0s 14h30 uma reuni\u00e3o em que participar\u00e3o Torres, Maiurino e o antecessor, Rolando de Souza, para fazer a transi\u00e7\u00e3o na gest\u00e3o da PF. A reuni\u00e3o ser\u00e1 no Minist\u00e9rio da Justi\u00e7a.<\/h3>\n<h3>Segundo fontes ouvidas pela TV Globo, o delegado Luis Flavio Zampronha dever\u00e1 ser escolhido para ocupar o cargo.<\/h3>\n<p><span style=\"color: #0000ff;\">AF<\/span><\/p>\n","protected":false},"excerpt":{"rendered":"<p>O novo diretor-geral da Pol\u00edcia Federal (PF), Paulo Maiurino, planeja trocar o comando da Diretoria de Investiga\u00e7\u00e3o e Combate ao Crime Organizado, a mais importante na hierarquia da PF. Maiurino foi anunciado para o cargo de diretor-geral da PF ontem (6), menos de 12 horas ap\u00f3s a posse do novo ministro da Justi\u00e7a, Anderson Torres. [&hellip;]<\/p>\n","protected":false},"author":2,"featured_media":0,"comment_status":"open","ping_status":"open","sticky":false,"template":"","format":"standard","meta":{"_links_to":"","_links_to_target":""},"categories":[1],"tags":[],"_links":{"self":[{"href":"https:\/\/www.blogdotarugao.com.br\/v1\/wp-json\/wp\/v2\/posts\/138019"}],"collection":[{"href":"https:\/\/www.blogdotarugao.com.br\/v1\/wp-json\/wp\/v2\/posts"}],"about":[{"href":"https:\/\/www.blogdotarugao.com.br\/v1\/wp-json\/wp\/v2\/types\/post"}],"author":[{"embeddable":true,"href":"https:\/\/www.blogdotarugao.com.br\/v1\/wp-json\/wp\/v2\/users\/2"}],"replies":[{"embeddable":true,"href":"https:\/\/www.blogdotarugao.com.br\/v1\/wp-json\/wp\/v2\/comments?post=138019"}],"version-history":[{"count":1,"href":"https:\/\/www.blogdotarugao.com.br\/v1\/wp-json\/wp\/v2\/posts\/138019\/revisions"}],"predecessor-version":[{"id":138021,"href":"https:\/\/www.blogdotarugao.com.br\/v1\/wp-json\/wp\/v2\/posts\/138019\/revisions\/138021"}],"wp:attachment":[{"href":"https:\/\/www.blogdotarugao.com.br\/v1\/wp-json\/wp\/v2\/media?parent=138019"}],"wp:term":[{"taxonomy":"category","embeddable":true,"href":"https:\/\/www.blogdotarugao.com.br\/v1\/wp-json\/wp\/v2\/categories?post=138019"},{"taxonomy":"post_tag","embeddable":true,"href":"https:\/\/www.blogdotarugao.com.br\/v1\/wp-json\/wp\/v2\/tags?post=138019"}],"curies":[{"name":"wp","href":"https:\/\/api.w.org\/{rel}","templated":true}]}}