{"id":138101,"date":"2021-04-08T20:20:32","date_gmt":"2021-04-08T23:20:32","guid":{"rendered":"http:\/\/www.blogdotarugao.com.br\/v1\/?p=138101"},"modified":"2021-04-08T20:20:32","modified_gmt":"2021-04-08T23:20:32","slug":"bolsonaro-pede-a-pf-reabertura-de-investigacoes-do-caso-adelio","status":"publish","type":"post","link":"https:\/\/www.blogdotarugao.com.br\/v1\/2021\/04\/08\/bolsonaro-pede-a-pf-reabertura-de-investigacoes-do-caso-adelio\/","title":{"rendered":"BOLSONARO PEDE \u00c0 PF REABERTURA DE INVESTIGA\u00c7\u00d5ES  DO CASO AD\u00c9LIO"},"content":{"rendered":"<p><img loading=\"lazy\" class=\"\" src=\"https:\/\/cdn.terrabrasilnoticias.com\/2021\/04\/F3F7B35F-1D6C-48CC-8F62-70FBDD167008.jpeg\" alt=\"URGENTE: Bolsonaro pede \u00e0 PF reabertura de investiga\u00e7\u00f5es do caso Ad\u00e9lio, que tentou matar o presidente; orienta\u00e7\u00e3o \u00e9 para descobrir mandante do crime\" width=\"580\" height=\"371\" \/><\/p>\n<h3>O presidente\u00a0Jair Bolsonaro\u00a0(sem partido) se encontrou com o novo diretor-geral da Pol\u00edcia Federal, Paulo Maiurino, na semana passada em Bras\u00edlia.<\/h3>\n<h3>Estava presente no encontro tamb\u00e9m o novo ministro da Justi\u00e7a,\u00a0Anderson Torres, antes mesmo de sua posse.<\/h3>\n<h3>Na conversa, segundo relatos, o presidente disse que ele teria liberdade de atua\u00e7\u00e3o, mas fez um pedido: que descobrisse quem quis mat\u00e1-lo. Uma refer\u00eancia \u00e0 tentativa de assassinato do presidente durante a campanha eleitoral de 2018, quando Ad\u00e9lio Bispo o deu uma facada. O epis\u00f3dio aconteceu no dia 6 de setembro em Juiz de Fora.<\/h3>\n<h3>Nos dois inqu\u00e9ritos abertos pela Pol\u00edcia Federal para investigar o caso, a avalia\u00e7\u00e3o foi a de que Ad\u00e9lio planejou e executou o crime sozinho. A PF agora aguarda uma decis\u00e3o do Superior Tribunal de Justi\u00e7a (STJ) para ter acesso aos celulares dos advogados que defenderam Ad\u00e9lio. ( Terra Brasil Not\u00edcias ).<\/h3>\n<p><span style=\"color: #0000ff;\">RK<\/span><\/p>\n","protected":false},"excerpt":{"rendered":"<p>O presidente\u00a0Jair Bolsonaro\u00a0(sem partido) se encontrou com o novo diretor-geral da Pol\u00edcia Federal, Paulo Maiurino, na semana passada em Bras\u00edlia. Estava presente no encontro tamb\u00e9m o novo ministro da Justi\u00e7a,\u00a0Anderson Torres, antes mesmo de sua posse. Na conversa, segundo relatos, o presidente disse que ele teria liberdade de atua\u00e7\u00e3o, mas fez um pedido: que descobrisse [&hellip;]<\/p>\n","protected":false},"author":2,"featured_media":0,"comment_status":"open","ping_status":"open","sticky":false,"template":"","format":"standard","meta":{"_links_to":"","_links_to_target":""},"categories":[1],"tags":[],"_links":{"self":[{"href":"https:\/\/www.blogdotarugao.com.br\/v1\/wp-json\/wp\/v2\/posts\/138101"}],"collection":[{"href":"https:\/\/www.blogdotarugao.com.br\/v1\/wp-json\/wp\/v2\/posts"}],"about":[{"href":"https:\/\/www.blogdotarugao.com.br\/v1\/wp-json\/wp\/v2\/types\/post"}],"author":[{"embeddable":true,"href":"https:\/\/www.blogdotarugao.com.br\/v1\/wp-json\/wp\/v2\/users\/2"}],"replies":[{"embeddable":true,"href":"https:\/\/www.blogdotarugao.com.br\/v1\/wp-json\/wp\/v2\/comments?post=138101"}],"version-history":[{"count":1,"href":"https:\/\/www.blogdotarugao.com.br\/v1\/wp-json\/wp\/v2\/posts\/138101\/revisions"}],"predecessor-version":[{"id":138102,"href":"https:\/\/www.blogdotarugao.com.br\/v1\/wp-json\/wp\/v2\/posts\/138101\/revisions\/138102"}],"wp:attachment":[{"href":"https:\/\/www.blogdotarugao.com.br\/v1\/wp-json\/wp\/v2\/media?parent=138101"}],"wp:term":[{"taxonomy":"category","embeddable":true,"href":"https:\/\/www.blogdotarugao.com.br\/v1\/wp-json\/wp\/v2\/categories?post=138101"},{"taxonomy":"post_tag","embeddable":true,"href":"https:\/\/www.blogdotarugao.com.br\/v1\/wp-json\/wp\/v2\/tags?post=138101"}],"curies":[{"name":"wp","href":"https:\/\/api.w.org\/{rel}","templated":true}]}}