{"id":138154,"date":"2021-04-11T21:15:20","date_gmt":"2021-04-12T00:15:20","guid":{"rendered":"http:\/\/www.blogdotarugao.com.br\/v1\/?p=138154"},"modified":"2021-04-11T21:15:20","modified_gmt":"2021-04-12T00:15:20","slug":"nao-tem-condicoes-diz-ministro-do-turismo-sobre-realizacao-do-sao-joao-em-2021","status":"publish","type":"post","link":"https:\/\/www.blogdotarugao.com.br\/v1\/2021\/04\/11\/nao-tem-condicoes-diz-ministro-do-turismo-sobre-realizacao-do-sao-joao-em-2021\/","title":{"rendered":"\u201cN\u00c3O TEM CONDI\u00c7\u00d5ES\u201d, DIZ MINISTRO DO TURISMO SOBRE REALIZA\u00c7\u00c3O DO S\u00c3O JO\u00c3O EM 2021"},"content":{"rendered":"<h3><img loading=\"lazy\" class=\"\" src=\"https:\/\/encrypted-tbn0.gstatic.com\/images?q=tbn:ANd9GcQ1WnyZlB7P6X4IhvPNrnLgwgPvd3da4M1xAw&amp;usqp=CAU\" alt=\"S\u00e3o Jo\u00e3o em casa - Playlist - LETRAS.MUS.BR\" width=\"580\" height=\"283\" \/><\/h3>\n<h3>O ministro do Turismo Gilson Machado comentou no \u00faltimo s\u00e1bado (10), os preju\u00edzos por conta da n\u00e3o realiza\u00e7\u00e3o dos festejos juninos no Nordeste em decorr\u00eancia da pandemia. Em entrevista ao Portal M!, n\u00e3o tem condi\u00e7\u00f5es de ter festejos.<\/h3>\n<h3>\u201cO presidente Bolsonaro est\u00e1 sens\u00edvel a isso e, principalmente, com o sofrimento do Nordeste que precisa do Carnaval e do S\u00e3o Jo\u00e3o. \u00c9 um momento muito dif\u00edcil. N\u00e3o tem condi\u00e7\u00f5es de ter festejos esse ano. E isso vai resultar em um preju\u00edzo de R$ 1 bilh\u00e3o e meio\u201d, lamentou o ministro.<\/h3>\n<h3>De acordo com Machado, o minist\u00e9rio tem trabalhado com tr\u00eas est\u00edmulos para uma recupera\u00e7\u00e3o no setor tur\u00edstico, mas tudo depende da vacina\u00e7\u00e3o da popula\u00e7\u00e3o brasileira. \u201cEstamos fazendo campanha para tentar estimular o turismo de curta, m\u00e9dia e longa dist\u00e2ncia. Por\u00e9m em um primeiro momento temos que lutar para vacinar a popula\u00e7\u00e3o\u201d, disse. (BNews)<\/h3>\n<p><span style=\"color: #0000ff;\">RK<\/span><\/p>\n","protected":false},"excerpt":{"rendered":"<p>O ministro do Turismo Gilson Machado comentou no \u00faltimo s\u00e1bado (10), os preju\u00edzos por conta da n\u00e3o realiza\u00e7\u00e3o dos festejos juninos no Nordeste em decorr\u00eancia da pandemia. Em entrevista ao Portal M!, n\u00e3o tem condi\u00e7\u00f5es de ter festejos. \u201cO presidente Bolsonaro est\u00e1 sens\u00edvel a isso e, principalmente, com o sofrimento do Nordeste que precisa do [&hellip;]<\/p>\n","protected":false},"author":2,"featured_media":0,"comment_status":"open","ping_status":"open","sticky":false,"template":"","format":"standard","meta":{"_links_to":"","_links_to_target":""},"categories":[1],"tags":[],"_links":{"self":[{"href":"https:\/\/www.blogdotarugao.com.br\/v1\/wp-json\/wp\/v2\/posts\/138154"}],"collection":[{"href":"https:\/\/www.blogdotarugao.com.br\/v1\/wp-json\/wp\/v2\/posts"}],"about":[{"href":"https:\/\/www.blogdotarugao.com.br\/v1\/wp-json\/wp\/v2\/types\/post"}],"author":[{"embeddable":true,"href":"https:\/\/www.blogdotarugao.com.br\/v1\/wp-json\/wp\/v2\/users\/2"}],"replies":[{"embeddable":true,"href":"https:\/\/www.blogdotarugao.com.br\/v1\/wp-json\/wp\/v2\/comments?post=138154"}],"version-history":[{"count":1,"href":"https:\/\/www.blogdotarugao.com.br\/v1\/wp-json\/wp\/v2\/posts\/138154\/revisions"}],"predecessor-version":[{"id":138155,"href":"https:\/\/www.blogdotarugao.com.br\/v1\/wp-json\/wp\/v2\/posts\/138154\/revisions\/138155"}],"wp:attachment":[{"href":"https:\/\/www.blogdotarugao.com.br\/v1\/wp-json\/wp\/v2\/media?parent=138154"}],"wp:term":[{"taxonomy":"category","embeddable":true,"href":"https:\/\/www.blogdotarugao.com.br\/v1\/wp-json\/wp\/v2\/categories?post=138154"},{"taxonomy":"post_tag","embeddable":true,"href":"https:\/\/www.blogdotarugao.com.br\/v1\/wp-json\/wp\/v2\/tags?post=138154"}],"curies":[{"name":"wp","href":"https:\/\/api.w.org\/{rel}","templated":true}]}}