{"id":138373,"date":"2021-04-16T08:53:38","date_gmt":"2021-04-16T11:53:38","guid":{"rendered":"http:\/\/www.blogdotarugao.com.br\/v1\/?p=138373"},"modified":"2021-04-16T08:53:38","modified_gmt":"2021-04-16T11:53:38","slug":"vacinacao-de-trabalhadores-da-educacao-sera-iniciada-no-dia-26-de-abril-na-bahia-diz-leo-prates","status":"publish","type":"post","link":"https:\/\/www.blogdotarugao.com.br\/v1\/2021\/04\/16\/vacinacao-de-trabalhadores-da-educacao-sera-iniciada-no-dia-26-de-abril-na-bahia-diz-leo-prates\/","title":{"rendered":"VACINA\u00c7\u00c3O DE TRABALHADORES DA EDUCA\u00c7\u00c3O SER\u00c1 INICIADA NO DIA 26 DE ABRIL NA BAHIA, DIZ LEO PRATES"},"content":{"rendered":"<h3><img loading=\"lazy\" class=\"\" src=\"https:\/\/www.metro1.com.br\/noticias\/106112,vacinacao-de-trabalhadores-da-educacao-sera-iniciada-no-dia-26-de-abril-na-bahia-diz-leo-prates-3.jpg\" alt=\"[Vacina\u00e7\u00e3o de trabalhadores da educa\u00e7\u00e3o ser\u00e1 iniciada no dia 26 de abril na Bahia, diz Leo Prates]\" width=\"581\" height=\"273\" \/><\/h3>\n<h3>A vacina\u00e7\u00e3o contra a covid-19 na Bahia incluir\u00e1 os trabalhadores da educa\u00e7\u00e3o com 55 anos ou mais a partir do dia 26 de abril. A informa\u00e7\u00e3o foi divulgada pelo secret\u00e1rio municipal de Sa\u00fade, Leo Prates ontem (15), em entrevista \u00e0 TV Bahia.<\/h3>\n<h3>O novo p\u00fablico alvo envolve todas as pessoas respons\u00e1veis pelo funcionamento das escolas, n\u00e3o apenas os professores. \u201c\u00c9 a merendeira que trabalha numa escola, o agente de portaria&#8230; por isso que a denomina\u00e7\u00e3o utilizada pelo Minist\u00e9rio da Sa\u00fade \u00e9 \u2018trabalhador da educa\u00e7\u00e3o\u2019 e n\u00e3o s\u00f3 \u2018professor\u2019\u201d, explicou Prates.<\/h3>\n<h3>Hoje (16), a Bahia ir\u00e1 receber uma nova remessa de vacinas com cerca de 500 mil doses. Para Salvador, ser\u00e3o disponibilizadas mais de 45 mil imunizantes. Isso permitir\u00e1 a retomada da imuniza\u00e7\u00e3o com a primeira dose na capital e em outras cidades baianas. Assim, o grupo 1, com idosos com mais de 60 anos, ser\u00e1 finalizado em breve, avan\u00e7ando para o grupo 2, que engloba pessoas com comorbidades ou doen\u00e7as cr\u00f4nicas. ( Metro 1 )<\/h3>\n<p><span style=\"color: #0000ff;\">RK<\/span><\/p>\n","protected":false},"excerpt":{"rendered":"<p>A vacina\u00e7\u00e3o contra a covid-19 na Bahia incluir\u00e1 os trabalhadores da educa\u00e7\u00e3o com 55 anos ou mais a partir do dia 26 de abril. A informa\u00e7\u00e3o foi divulgada pelo secret\u00e1rio municipal de Sa\u00fade, Leo Prates ontem (15), em entrevista \u00e0 TV Bahia. O novo p\u00fablico alvo envolve todas as pessoas respons\u00e1veis pelo funcionamento das escolas, [&hellip;]<\/p>\n","protected":false},"author":2,"featured_media":0,"comment_status":"open","ping_status":"open","sticky":false,"template":"","format":"standard","meta":{"_links_to":"","_links_to_target":""},"categories":[1],"tags":[],"_links":{"self":[{"href":"https:\/\/www.blogdotarugao.com.br\/v1\/wp-json\/wp\/v2\/posts\/138373"}],"collection":[{"href":"https:\/\/www.blogdotarugao.com.br\/v1\/wp-json\/wp\/v2\/posts"}],"about":[{"href":"https:\/\/www.blogdotarugao.com.br\/v1\/wp-json\/wp\/v2\/types\/post"}],"author":[{"embeddable":true,"href":"https:\/\/www.blogdotarugao.com.br\/v1\/wp-json\/wp\/v2\/users\/2"}],"replies":[{"embeddable":true,"href":"https:\/\/www.blogdotarugao.com.br\/v1\/wp-json\/wp\/v2\/comments?post=138373"}],"version-history":[{"count":1,"href":"https:\/\/www.blogdotarugao.com.br\/v1\/wp-json\/wp\/v2\/posts\/138373\/revisions"}],"predecessor-version":[{"id":138374,"href":"https:\/\/www.blogdotarugao.com.br\/v1\/wp-json\/wp\/v2\/posts\/138373\/revisions\/138374"}],"wp:attachment":[{"href":"https:\/\/www.blogdotarugao.com.br\/v1\/wp-json\/wp\/v2\/media?parent=138373"}],"wp:term":[{"taxonomy":"category","embeddable":true,"href":"https:\/\/www.blogdotarugao.com.br\/v1\/wp-json\/wp\/v2\/categories?post=138373"},{"taxonomy":"post_tag","embeddable":true,"href":"https:\/\/www.blogdotarugao.com.br\/v1\/wp-json\/wp\/v2\/tags?post=138373"}],"curies":[{"name":"wp","href":"https:\/\/api.w.org\/{rel}","templated":true}]}}