{"id":138814,"date":"2021-04-28T22:39:59","date_gmt":"2021-04-29T01:39:59","guid":{"rendered":"http:\/\/www.blogdotarugao.com.br\/v1\/?p=138814"},"modified":"2021-04-28T22:39:59","modified_gmt":"2021-04-29T01:39:59","slug":"covid-19-4-boas-noticias-sobre-a-pandemia-no-brasil-e-outras-4-preocupantes","status":"publish","type":"post","link":"https:\/\/www.blogdotarugao.com.br\/v1\/2021\/04\/28\/covid-19-4-boas-noticias-sobre-a-pandemia-no-brasil-e-outras-4-preocupantes\/","title":{"rendered":"COVID-19: 4 BOAS NOT\u00cdCIAS SOBRE A PANDEMIA NO BRASIL E OUTRAS 4 PREOCUPANTES"},"content":{"rendered":"<h3><img loading=\"lazy\" class=\"wp-image-138815 alignleft\" src=\"http:\/\/www.blogdotarugao.com.br\/v1\/wp-content\/uploads\/2021\/04\/A-102-600x400.jpg\" alt=\"\" width=\"585\" height=\"390\" srcset=\"https:\/\/www.blogdotarugao.com.br\/v1\/wp-content\/uploads\/2021\/04\/A-102-600x400.jpg 600w, https:\/\/www.blogdotarugao.com.br\/v1\/wp-content\/uploads\/2021\/04\/A-102.jpg 680w\" sizes=\"(max-width: 585px) 100vw, 585px\" \/>Pela primeira vez no ano, a pandemia de coronav\u00edrus no Brasil come\u00e7a a dar sinais de al\u00edvio. Recentemente, houve queda real nas curvas de \u00f3bitos e casos, redu\u00e7\u00e3o nas interna\u00e7\u00f5es e mortes entre idosos, e redu\u00e7\u00e3o significativa da taxa de transmiss\u00e3o. Por outro lado, o cen\u00e1rio ainda \u00e9 grave e n\u00e3o permite descuidos.<\/h3>\n<h3>Melhora nos indicadores<\/h3>\n<h3>No \u00faltimo s\u00e1bado, 24, o Brasil apresentou a primeira queda real na curva de mortes, o que n\u00e3o acontecia desde novembro. Na data foram confirmados 2.544,9 novos \u00f3bitos, o que indica redu\u00e7\u00e3o de 15,7% em rela\u00e7\u00e3o \u00e0s duas semanas anteriores. Ao longo desta semana, a tend\u00eancia de queda se manteve.\u00a0Na mesma data \u2013 s\u00e1bado, 24 -, a m\u00e9dia de novos diagn\u00f3sticos foi de 58.303,4, n\u00famero 16,9% em compara\u00e7\u00e3o com 14 dias atr\u00e1s.<\/h3>\n<h3>Os epidemiologistas trabalham com redu\u00e7\u00e3o na casa dos 15% para considerar o movimento de queda consistente. Qualquer varia\u00e7\u00e3o inferior a este n\u00famero mostra que a situa\u00e7\u00e3o ainda \u00e9 est\u00e1vel.<\/h3>\n<h3>Outro indicador positivo \u00e9 a taxa de transmiss\u00e3o da doen\u00e7a, que caiu para 0,93 nesta semana. Todo \u00edndice abaixo de 1 indica que a pandemia est\u00e1 em desacelera\u00e7\u00e3o, segundo as balizas da Imperial College, de Londres. O n\u00famero indica para quantas pessoas cada infectado transmite o v\u00edrus. Ou seja, cada 100 pessoas infectadas transmitem o v\u00edrus para outras 93, em uma progress\u00e3o decrescente.<\/h3>\n<h3>Por fim, j\u00e1 \u00e9 poss\u00edvel ver o impacto da campanha de vacina\u00e7\u00e3o em massa contra a Covid-19 nos primeiros vacinados. No Brasil, a propor\u00e7\u00e3o de pacientes com mais de 70 anos internados em leitos de UTI caiu de 47,26% no in\u00edcio de janeiro para 27,89% em meados de abril, de acordo com dados do \u00faltimo Boletim Observat\u00f3rio Covid-19.<\/h3>\n<h3>Na cidade de S\u00e3o Paulo, que inaugurou a imuniza\u00e7\u00e3o no pa\u00eds com a inje\u00e7\u00e3o da enfermeira Monica Calazans,\u00a0houve redu\u00e7\u00e3o nas taxas de incid\u00eancia de s\u00edndrome respirat\u00f3ria aguda grave (Srag) por Covid-19 para idosos com idade a partir de 85 anos a partir da pen\u00faltima semana de fevereiro. \u201cPara essas faixas et\u00e1rias, a taxa de incid\u00eancia de (Srag) por Covid-19 era cerca de 6 a 8 vezes maior que a taxa e incid\u00eancia geral, e a partir da semana 07 cai para 4 vezes maior que a taxa de incid\u00eancia geral\u201d, afirma a Secret\u00e1ria Municipal de Sa\u00fade de S\u00e3o Paulo.<\/h3>\n<h3>Pontos de aten\u00e7\u00e3o<\/h3>\n<h3>Apesar dos sinais de melhora, a pandemia no Brasil ainda \u00e9 preocupante. Para come\u00e7ar, as curvas ca\u00edram, mas os n\u00fameros est\u00e3o em patamar alt\u00edssimo, bem acima dos picos registrados em 2020. S\u00e3o cerca de 2.400 novas mortes e mais de 56.000 casos todos os dias. Em boletim extraordin\u00e1rio publicado nesta quarta-feira, 28, o Observat\u00f3rio Covid-19 Fiocruz alerta que a pandemia \u201cpermanece em patamares cr\u00edticos\u201d e aponta um aumento na taxa de letalidade da Covid-19 no pa\u00eds.<\/h3>\n<h3 class=\"ads post-ads\"><span class=\"title\">CONTINUA AP\u00d3S PUBLICIDADE<\/span><\/h3>\n<div id=\"abrAD_rectangle2\" class=\"abrAD\" data-ad-sizes=\"970x250,970x90,728x90\"><\/div>\n<h3>No final de 2020, este indicador se encontrava na faixa de 2%. Ele subiu para 3% na semana de 14 a 20 de mar\u00e7o e, na \u00faltima semana epidemiol\u00f3gica (de 18 a 24 de abril), aumentou para 4,4%.<\/h3>\n<h3>Al\u00e9m disso, a campanha de vacina\u00e7\u00e3o, que \u00e9 grande esperan\u00e7a para aplacar de vez a pandemia, caminha a passos lentos e sofre atrasos constantes na entrega de doses. O que, por sua vez, impacta negativamente o calend\u00e1rio.<\/h3>\n<h3>Para se ter ideia, inicialmente, a previs\u00e3o do governo era vacinar todos os grupos priorit\u00e1rios at\u00e9 maio. Agora, a estimativa foi postergada em quatro meses, para setembro. A altera\u00e7\u00e3o no cronograma est\u00e1 associada \u00e0 entrega de doses pelos principais produtores do pa\u00eds, a Fiocruz e o Instituto Butantan, a demora na oficializa\u00e7\u00e3o de contratos com a Janssen e a Pfizer e a aposta em vacinas que ainda n\u00e3o foram aprovadas pela Anvisa, como a indiana Covaxin e a russa Sputnik V.<\/h3>\n<h3>Outro fator preocupante \u00e9 o aumento da circula\u00e7\u00e3o de novas cepas, mais transmiss\u00edveis, no pa\u00eds. Al\u00e9m da cepa P.1., identificada pela primeira vez em Manaus, mas que j\u00e1 est\u00e1 em todo o pa\u00eds, tamb\u00e9m circula a cepa identificada inicialmente na Inglaterra e, na ter\u00e7a-feira, 27, o Instituto Butantan confirmou a identifica\u00e7\u00e3o de tr\u00eas novas variantes no estado de S\u00e3o Paulo: a cepa B.1.318, encontrada na Su\u00ed\u00e7a e no Reino Unido, a variante sul-africana B.1.351, j\u00e1 identificada anteriormente na cidade de Sorocaba, e a N9, uma muta\u00e7\u00e3o da variante amaz\u00f4nica P1, j\u00e1 observada em v\u00e1rios estados brasileiros.<\/h3>\n<h3>Segundo o Butantan, a variante sul-africana \u00e9 a que mais preocupa. As outras duas s\u00e3o, por enquanto, variantes de interesse, ou seja, elas s\u00e3o monitoradas com aten\u00e7\u00e3o, mas ainda n\u00e3o indicam um poss\u00edvel agravamento da pandemia.<\/h3>\n<h3>Diante de todos esses fatores, \u00e9 fundamental ressaltar que qualquer descuido pode fazer com que os indicadores piorem e as curvas voltem a crescer. At\u00e9 que a pandemia esteja de fato controlada e em n\u00edveis baixos, \u00e9 necess\u00e1rio manter todos os cuidados preventivos, incluindo uso de m\u00e1scaras, higieniza\u00e7\u00e3o constante das m\u00e3os, n\u00e3o aglomerar e manter o distanciamento social.<\/h3>\n<h3><strong>Confira o avan\u00e7o da vacina\u00e7\u00e3o no Brasil:<\/strong><\/h3>\n<h3><iframe loading=\"lazy\" src=\"https:\/\/datastudio.google.com\/embed\/reporting\/f82be37d-7f5f-441c-b96c-464033259509\/page\/dai8B\" width=\"400\" height=\"1191\" frameborder=\"0\" allowfullscreen=\"allowfullscreen\" data-mce-fragment=\"1\"><\/iframe><\/h3>\n<div id=\"mais_lidas\" class=\"block related-posts mais-lidas\"><\/div>\n","protected":false},"excerpt":{"rendered":"<p>Pela primeira vez no ano, a pandemia de coronav\u00edrus no Brasil come\u00e7a a dar sinais de al\u00edvio. Recentemente, houve queda real nas curvas de \u00f3bitos e casos, redu\u00e7\u00e3o nas interna\u00e7\u00f5es e mortes entre idosos, e redu\u00e7\u00e3o significativa da taxa de transmiss\u00e3o. Por outro lado, o cen\u00e1rio ainda \u00e9 grave e n\u00e3o permite descuidos. Melhora nos [&hellip;]<\/p>\n","protected":false},"author":2,"featured_media":0,"comment_status":"open","ping_status":"open","sticky":false,"template":"","format":"standard","meta":{"_links_to":"","_links_to_target":""},"categories":[1],"tags":[],"_links":{"self":[{"href":"https:\/\/www.blogdotarugao.com.br\/v1\/wp-json\/wp\/v2\/posts\/138814"}],"collection":[{"href":"https:\/\/www.blogdotarugao.com.br\/v1\/wp-json\/wp\/v2\/posts"}],"about":[{"href":"https:\/\/www.blogdotarugao.com.br\/v1\/wp-json\/wp\/v2\/types\/post"}],"author":[{"embeddable":true,"href":"https:\/\/www.blogdotarugao.com.br\/v1\/wp-json\/wp\/v2\/users\/2"}],"replies":[{"embeddable":true,"href":"https:\/\/www.blogdotarugao.com.br\/v1\/wp-json\/wp\/v2\/comments?post=138814"}],"version-history":[{"count":1,"href":"https:\/\/www.blogdotarugao.com.br\/v1\/wp-json\/wp\/v2\/posts\/138814\/revisions"}],"predecessor-version":[{"id":138816,"href":"https:\/\/www.blogdotarugao.com.br\/v1\/wp-json\/wp\/v2\/posts\/138814\/revisions\/138816"}],"wp:attachment":[{"href":"https:\/\/www.blogdotarugao.com.br\/v1\/wp-json\/wp\/v2\/media?parent=138814"}],"wp:term":[{"taxonomy":"category","embeddable":true,"href":"https:\/\/www.blogdotarugao.com.br\/v1\/wp-json\/wp\/v2\/categories?post=138814"},{"taxonomy":"post_tag","embeddable":true,"href":"https:\/\/www.blogdotarugao.com.br\/v1\/wp-json\/wp\/v2\/tags?post=138814"}],"curies":[{"name":"wp","href":"https:\/\/api.w.org\/{rel}","templated":true}]}}