{"id":138847,"date":"2021-04-29T22:44:42","date_gmt":"2021-04-30T01:44:42","guid":{"rendered":"http:\/\/www.blogdotarugao.com.br\/v1\/?p=138847"},"modified":"2021-04-30T06:28:22","modified_gmt":"2021-04-30T09:28:22","slug":"itapetinga-moises-serafim-anima-sua-manha-de-sexta-30-na-radio-jornal-660-am","status":"publish","type":"post","link":"https:\/\/www.blogdotarugao.com.br\/v1\/2021\/04\/29\/itapetinga-moises-serafim-anima-sua-manha-de-sexta-30-na-radio-jornal-660-am\/","title":{"rendered":"ITAPETINGA: MOIS\u00c9S SERAFIM ANIMA SUA MANH\u00c3 DE SEXTA (30) NA R\u00c1DIO JORNAL 660 AM"},"content":{"rendered":"<p><iframe loading=\"lazy\" title=\"YouTube video player\" src=\"https:\/\/www.youtube.com\/embed\/p8gpetk9mmo\" width=\"585\" height=\"360\" frameborder=\"0\" allowfullscreen=\"allowfullscreen\"><\/iframe><\/p>\n<h3>O programa \u201cJornal da Cidade\u201d da programa\u00e7\u00e3o da R\u00e1dio Jornal 660 AM em Itapetinga. Apresentado por Tarug\u00e3o, Robertone e Felipe, vai ao ar de segunda a sexta das 06:30 \u00e0s 08h da manh\u00e3, oferecendo aos seus ouvintes informa\u00e7\u00f5es de qualidade, com destaque para o interesse da comunidade e utilidade p\u00fablica.<\/h3>\n<div class=\"PostContent\">\n<div class=\"PostContent\">\n<h3>O Jornal da Cidade ter\u00e1 participa\u00e7\u00e3o do cantor Mois\u00e9s Serafim.<\/h3>\n<h3>Ligue e participe! (<span style=\"color: #0000ff;\">77<\/span>)\u00a0<span style=\"color: #0000ff;\">3261-1010<\/span>\u00a0tamb\u00e9m \u00e9 Zap<\/h3>\n<h3>(77)\u00a098821-2051\u00a0ZAP<\/h3>\n<h3>Endere\u00e7o na NET:\u00a0<span style=\"color: #0000ff;\">www.radiojornal.com.br<\/span><\/h3>\n<h3>Acompanhe pela Live ao vivo\/https:\/\/<span style=\"color: #0000ff;\">www.facebook.com\/tarugao.barreira<\/span><\/h3>\n<\/div>\n<\/div>\n","protected":false},"excerpt":{"rendered":"<p>O programa \u201cJornal da Cidade\u201d da programa\u00e7\u00e3o da R\u00e1dio Jornal 660 AM em Itapetinga. Apresentado por Tarug\u00e3o, Robertone e Felipe, vai ao ar de segunda a sexta das 06:30 \u00e0s 08h da manh\u00e3, oferecendo aos seus ouvintes informa\u00e7\u00f5es de qualidade, com destaque para o interesse da comunidade e utilidade p\u00fablica. O Jornal da Cidade ter\u00e1 [&hellip;]<\/p>\n","protected":false},"author":2,"featured_media":138849,"comment_status":"open","ping_status":"open","sticky":false,"template":"","format":"standard","meta":{"_links_to":"","_links_to_target":""},"categories":[1],"tags":[],"_links":{"self":[{"href":"https:\/\/www.blogdotarugao.com.br\/v1\/wp-json\/wp\/v2\/posts\/138847"}],"collection":[{"href":"https:\/\/www.blogdotarugao.com.br\/v1\/wp-json\/wp\/v2\/posts"}],"about":[{"href":"https:\/\/www.blogdotarugao.com.br\/v1\/wp-json\/wp\/v2\/types\/post"}],"author":[{"embeddable":true,"href":"https:\/\/www.blogdotarugao.com.br\/v1\/wp-json\/wp\/v2\/users\/2"}],"replies":[{"embeddable":true,"href":"https:\/\/www.blogdotarugao.com.br\/v1\/wp-json\/wp\/v2\/comments?post=138847"}],"version-history":[{"count":2,"href":"https:\/\/www.blogdotarugao.com.br\/v1\/wp-json\/wp\/v2\/posts\/138847\/revisions"}],"predecessor-version":[{"id":138850,"href":"https:\/\/www.blogdotarugao.com.br\/v1\/wp-json\/wp\/v2\/posts\/138847\/revisions\/138850"}],"wp:featuredmedia":[{"embeddable":true,"href":"https:\/\/www.blogdotarugao.com.br\/v1\/wp-json\/wp\/v2\/media\/138849"}],"wp:attachment":[{"href":"https:\/\/www.blogdotarugao.com.br\/v1\/wp-json\/wp\/v2\/media?parent=138847"}],"wp:term":[{"taxonomy":"category","embeddable":true,"href":"https:\/\/www.blogdotarugao.com.br\/v1\/wp-json\/wp\/v2\/categories?post=138847"},{"taxonomy":"post_tag","embeddable":true,"href":"https:\/\/www.blogdotarugao.com.br\/v1\/wp-json\/wp\/v2\/tags?post=138847"}],"curies":[{"name":"wp","href":"https:\/\/api.w.org\/{rel}","templated":true}]}}