{"id":138878,"date":"2021-04-30T20:05:53","date_gmt":"2021-04-30T23:05:53","guid":{"rendered":"http:\/\/www.blogdotarugao.com.br\/v1\/?p=138878"},"modified":"2021-04-30T20:05:53","modified_gmt":"2021-04-30T23:05:53","slug":"witzel-fica-inelegivel-por-5-anos-apos-sofrer-impeachment","status":"publish","type":"post","link":"https:\/\/www.blogdotarugao.com.br\/v1\/2021\/04\/30\/witzel-fica-inelegivel-por-5-anos-apos-sofrer-impeachment\/","title":{"rendered":"WITZEL FICA INELEG\u00cdVEL POR 5 ANOS AP\u00d3S SOFRER IMPEACHMENT"},"content":{"rendered":"<h3><img loading=\"lazy\" class=\"\" src=\"https:\/\/img.r7.com\/images\/efe-governador-wilson-witzel-26052020082139980?dimensions=771x420&amp;&amp;amp;&amp;amp;&amp;amp;&amp;amp;&amp;amp;&amp;amp;&amp;amp;resize=771x420&amp;amp;crop=900x490+0+66&amp;amp;&amp;amp;&amp;amp;&amp;amp;&amp;amp;&amp;amp;&amp;amp;resize=771x420&amp;amp;crop=900x490+0+66\" alt=\"Witzel ser\u00e1 substitu\u00eddo por Cl\u00e1udio Castro\" width=\"582\" height=\"317\" \/><\/h3>\n<h3>Depois de decidir pelo\u00a0<a href=\"https:\/\/noticias.r7.com\/rio-de-janeiro\/witzel-sofre-impeachment-e-perde-o-cargo-de-governador-do-rio-30042021\"><strong>impeachment do governador Wilson Witzel (PSC)<\/strong><\/a>, por dez votos a 0, o TEM (Tribunal Especial Misto) confirmou tamb\u00e9m nesta sexta-feira (30) a <em>inelegibilidade<\/em>\u00a0 do pol\u00edtico pelo per\u00edodo de cinco anos, ap\u00f3s vota\u00e7\u00e3o que terminou com nove votos a favor e um contra.<\/h3>\n<h3>O \u00fanico que votou contra a pena de cinco anos foi o deputado Alexandre Freitas (Novo), que quis fixar o prazo em quatro anos.<\/h3>\n<h3>A acusa\u00e7\u00e3o de crime de responsabilidade contra o governador envolve a requalifica\u00e7\u00e3o da empresa Unir Sa\u00fade para firmar contratos com o Estado, assinada por Witzel em mar\u00e7o de 2020. Houve ainda a contrata\u00e7\u00e3o da Iabas para gerir os hospitais de campanha.( R7 )<\/h3>\n<p><span style=\"color: #0000ff;\">RK<\/span><\/p>\n","protected":false},"excerpt":{"rendered":"<p>Depois de decidir pelo\u00a0impeachment do governador Wilson Witzel (PSC), por dez votos a 0, o TEM (Tribunal Especial Misto) confirmou tamb\u00e9m nesta sexta-feira (30) a inelegibilidade\u00a0 do pol\u00edtico pelo per\u00edodo de cinco anos, ap\u00f3s vota\u00e7\u00e3o que terminou com nove votos a favor e um contra. O \u00fanico que votou contra a pena de cinco anos [&hellip;]<\/p>\n","protected":false},"author":2,"featured_media":0,"comment_status":"open","ping_status":"open","sticky":false,"template":"","format":"standard","meta":{"_links_to":"","_links_to_target":""},"categories":[1],"tags":[],"_links":{"self":[{"href":"https:\/\/www.blogdotarugao.com.br\/v1\/wp-json\/wp\/v2\/posts\/138878"}],"collection":[{"href":"https:\/\/www.blogdotarugao.com.br\/v1\/wp-json\/wp\/v2\/posts"}],"about":[{"href":"https:\/\/www.blogdotarugao.com.br\/v1\/wp-json\/wp\/v2\/types\/post"}],"author":[{"embeddable":true,"href":"https:\/\/www.blogdotarugao.com.br\/v1\/wp-json\/wp\/v2\/users\/2"}],"replies":[{"embeddable":true,"href":"https:\/\/www.blogdotarugao.com.br\/v1\/wp-json\/wp\/v2\/comments?post=138878"}],"version-history":[{"count":1,"href":"https:\/\/www.blogdotarugao.com.br\/v1\/wp-json\/wp\/v2\/posts\/138878\/revisions"}],"predecessor-version":[{"id":138879,"href":"https:\/\/www.blogdotarugao.com.br\/v1\/wp-json\/wp\/v2\/posts\/138878\/revisions\/138879"}],"wp:attachment":[{"href":"https:\/\/www.blogdotarugao.com.br\/v1\/wp-json\/wp\/v2\/media?parent=138878"}],"wp:term":[{"taxonomy":"category","embeddable":true,"href":"https:\/\/www.blogdotarugao.com.br\/v1\/wp-json\/wp\/v2\/categories?post=138878"},{"taxonomy":"post_tag","embeddable":true,"href":"https:\/\/www.blogdotarugao.com.br\/v1\/wp-json\/wp\/v2\/tags?post=138878"}],"curies":[{"name":"wp","href":"https:\/\/api.w.org\/{rel}","templated":true}]}}