{"id":138882,"date":"2021-04-30T20:23:39","date_gmt":"2021-04-30T23:23:39","guid":{"rendered":"http:\/\/www.blogdotarugao.com.br\/v1\/?p=138882"},"modified":"2021-04-30T20:23:39","modified_gmt":"2021-04-30T23:23:39","slug":"aneel-aciona-bandeira-vermelha-e-conta-de-luz-ficara-mais-cara-em-maio-em-todo-o-pais","status":"publish","type":"post","link":"https:\/\/www.blogdotarugao.com.br\/v1\/2021\/04\/30\/aneel-aciona-bandeira-vermelha-e-conta-de-luz-ficara-mais-cara-em-maio-em-todo-o-pais\/","title":{"rendered":"ANEEL ACIONA &#8216;BANDEIRA VERMELHA&#8217;, E CONTA DE LUZ FICAR\u00c1 MAIS CARA EM MAIO EM TODO O PA\u00cdS"},"content":{"rendered":"<div class=\"mc-column content-text active-extra-styles active-capital-letter\" data-block-type=\"unstyled\" data-block-weight=\"41\" data-block-id=\"1\">\n<h3 data-track-category=\"Link no Texto\"><img loading=\"lazy\" class=\"\" src=\"https:\/\/www.ecoaenergias.com.br\/wp-content\/uploads\/2019\/03\/0a58f007ca03a332558261dea2092e4b-1024x585.png\" alt=\"ANEEL abre discuss\u00e3o sobre subs\u00eddios \u00e0 energia solar\" width=\"581\" height=\"332\" \/><\/h3>\n<h3 class=\"content-text__container theme-color-primary-first-letter\" data-track-category=\"Link no Texto\">A Ag\u00eancia Nacional de Energia El\u00e9trica (Aneel) informou nesta sexta-feira (30) que a conta de luz ter\u00e1 bandeira vermelha 1 no m\u00eas de maio. Isso significa que ser\u00e1 cobrada uma taxa adicional mais alta, de R$ 4,69 para cada 100 kWh.<\/h3>\n<\/div>\n<div class=\"wall protected-content\">\n<p class=\"content-text__container \" data-track-category=\"Link no Texto\" data-track-links=\"\">Em abril, as faturas de todo o pa\u00eds foram fechadas com bandeira amarela, que representa R$ 1,34 a mais a cada 100 kWh. Segundo a Aneel, o &#8220;agravamento&#8221; da bandeira tem rela\u00e7\u00e3o com a \u00e9poca do ano, j\u00e1 que o m\u00eas de maio marca o in\u00edcio da esta\u00e7\u00e3o seca em boa parte do pa\u00eds.<\/p>\n<div class=\"mc-column content-text active-extra-styles \" data-block-type=\"unstyled\" data-block-weight=\"47\" data-block-id=\"3\">\n<h3 class=\"content-text__container \" data-track-category=\"Link no Texto\">Os reservat\u00f3rios das principais usinas hidrel\u00e9tricas do pa\u00eds j\u00e1 est\u00e3o baixos, mesmo ao fim da temporada de chuvas. O cen\u00e1rio, diz a ag\u00eancia, sinaliza um &#8220;patamar desfavor\u00e1vel de produ\u00e7\u00e3o&#8221; de eletricidade \u2013 quanto menos \u00e1gua guardada, maior a necessidade de acionamento das termel\u00e9tricas, que s\u00e3o mais caras. (Globo )<\/h3>\n<p data-track-category=\"Link no Texto\" data-track-links=\"\"><span style=\"color: #0000ff;\">RK<\/span><\/p>\n<\/div>\n<\/div>\n","protected":false},"excerpt":{"rendered":"<p>A Ag\u00eancia Nacional de Energia El\u00e9trica (Aneel) informou nesta sexta-feira (30) que a conta de luz ter\u00e1 bandeira vermelha 1 no m\u00eas de maio. Isso significa que ser\u00e1 cobrada uma taxa adicional mais alta, de R$ 4,69 para cada 100 kWh. Em abril, as faturas de todo o pa\u00eds foram fechadas com bandeira amarela, que [&hellip;]<\/p>\n","protected":false},"author":2,"featured_media":0,"comment_status":"open","ping_status":"open","sticky":false,"template":"","format":"standard","meta":{"_links_to":"","_links_to_target":""},"categories":[1],"tags":[],"_links":{"self":[{"href":"https:\/\/www.blogdotarugao.com.br\/v1\/wp-json\/wp\/v2\/posts\/138882"}],"collection":[{"href":"https:\/\/www.blogdotarugao.com.br\/v1\/wp-json\/wp\/v2\/posts"}],"about":[{"href":"https:\/\/www.blogdotarugao.com.br\/v1\/wp-json\/wp\/v2\/types\/post"}],"author":[{"embeddable":true,"href":"https:\/\/www.blogdotarugao.com.br\/v1\/wp-json\/wp\/v2\/users\/2"}],"replies":[{"embeddable":true,"href":"https:\/\/www.blogdotarugao.com.br\/v1\/wp-json\/wp\/v2\/comments?post=138882"}],"version-history":[{"count":1,"href":"https:\/\/www.blogdotarugao.com.br\/v1\/wp-json\/wp\/v2\/posts\/138882\/revisions"}],"predecessor-version":[{"id":138883,"href":"https:\/\/www.blogdotarugao.com.br\/v1\/wp-json\/wp\/v2\/posts\/138882\/revisions\/138883"}],"wp:attachment":[{"href":"https:\/\/www.blogdotarugao.com.br\/v1\/wp-json\/wp\/v2\/media?parent=138882"}],"wp:term":[{"taxonomy":"category","embeddable":true,"href":"https:\/\/www.blogdotarugao.com.br\/v1\/wp-json\/wp\/v2\/categories?post=138882"},{"taxonomy":"post_tag","embeddable":true,"href":"https:\/\/www.blogdotarugao.com.br\/v1\/wp-json\/wp\/v2\/tags?post=138882"}],"curies":[{"name":"wp","href":"https:\/\/api.w.org\/{rel}","templated":true}]}}