{"id":138923,"date":"2021-05-01T19:24:10","date_gmt":"2021-05-01T22:24:10","guid":{"rendered":"http:\/\/www.blogdotarugao.com.br\/v1\/?p=138923"},"modified":"2021-05-01T19:24:10","modified_gmt":"2021-05-01T22:24:10","slug":"cpi-da-covid-recebi-ameacas-ate-de-igrejas-evangelicas-diz-otto-alencar","status":"publish","type":"post","link":"https:\/\/www.blogdotarugao.com.br\/v1\/2021\/05\/01\/cpi-da-covid-recebi-ameacas-ate-de-igrejas-evangelicas-diz-otto-alencar\/","title":{"rendered":"CPI DA COVID: RECEBI AMEA\u00c7AS AT\u00c9 DE IGREJAS EVANG\u00c9LICAS, DIZ OTTO ALENCAR"},"content":{"rendered":"<h3><img loading=\"lazy\" class=\"\" src=\"https:\/\/www.precapp.com.br\/sites\/default\/files\/field\/image\/oto_0.jpeg\" width=\"581\" height=\"385\" \/><\/h3>\n<h3>O senador Otto Alencar (PSD-BA), titular da CPI (Comiss\u00e3o Parlamentar de Inqu\u00e9rito) da Covid, disse que passou a receber amea\u00e7as at\u00e9 de grupos evang\u00e9licos pelo seu papel na comiss\u00e3o. A revela\u00e7\u00e3o foi feita no programa do dia 30\/04 do <a href=\"https:\/\/noticias.uol.com.br\/podcast\/baixo-clero\/\">Baixo Clero<\/a>, podcast de pol\u00edtica do\u00a0<strong>UOL<\/strong>.<\/h3>\n<h3><span style=\"color: #ff0000;\">&#8220;Foram v\u00e1rias mensagens [com amea\u00e7as]. De homens, de mulheres, de jovens&#8230; Inclusive, alguns desses casos eram de igrejas evang\u00e9licas&#8221;<\/span>, contou<\/h3>\n<h3>Alencar citou uma mensagem enviada a partir de um n\u00famero que seria da Igreja Batista Internacional Monte Sinai, em Minas Gerais. <span style=\"color: #ff0000;\">&#8220;[A mensagem era] de uma senhora, eu n\u00e3o tenho como publicar, era de uma agressividade, com palavras de baixo cal\u00e3o, coisas que n\u00e3o t\u00eam nenhum cabimento, at\u00e9 porque eu apenas iniciei a sess\u00e3o preparat\u00f3ria para a escolha dos nomes&#8221;, lamentou . &#8220;Eram mensagens muito agressivas, amea\u00e7adoras&#8221;<\/span>, disse. ( UOL )<\/h3>\n<p><span style=\"color: #0000ff;\">RK<\/span><\/p>\n<p>&nbsp;<\/p>\n","protected":false},"excerpt":{"rendered":"<p>O senador Otto Alencar (PSD-BA), titular da CPI (Comiss\u00e3o Parlamentar de Inqu\u00e9rito) da Covid, disse que passou a receber amea\u00e7as at\u00e9 de grupos evang\u00e9licos pelo seu papel na comiss\u00e3o. A revela\u00e7\u00e3o foi feita no programa do dia 30\/04 do Baixo Clero, podcast de pol\u00edtica do\u00a0UOL. &#8220;Foram v\u00e1rias mensagens [com amea\u00e7as]. De homens, de mulheres, de [&hellip;]<\/p>\n","protected":false},"author":2,"featured_media":0,"comment_status":"open","ping_status":"open","sticky":false,"template":"","format":"standard","meta":{"_links_to":"","_links_to_target":""},"categories":[1],"tags":[],"_links":{"self":[{"href":"https:\/\/www.blogdotarugao.com.br\/v1\/wp-json\/wp\/v2\/posts\/138923"}],"collection":[{"href":"https:\/\/www.blogdotarugao.com.br\/v1\/wp-json\/wp\/v2\/posts"}],"about":[{"href":"https:\/\/www.blogdotarugao.com.br\/v1\/wp-json\/wp\/v2\/types\/post"}],"author":[{"embeddable":true,"href":"https:\/\/www.blogdotarugao.com.br\/v1\/wp-json\/wp\/v2\/users\/2"}],"replies":[{"embeddable":true,"href":"https:\/\/www.blogdotarugao.com.br\/v1\/wp-json\/wp\/v2\/comments?post=138923"}],"version-history":[{"count":1,"href":"https:\/\/www.blogdotarugao.com.br\/v1\/wp-json\/wp\/v2\/posts\/138923\/revisions"}],"predecessor-version":[{"id":138924,"href":"https:\/\/www.blogdotarugao.com.br\/v1\/wp-json\/wp\/v2\/posts\/138923\/revisions\/138924"}],"wp:attachment":[{"href":"https:\/\/www.blogdotarugao.com.br\/v1\/wp-json\/wp\/v2\/media?parent=138923"}],"wp:term":[{"taxonomy":"category","embeddable":true,"href":"https:\/\/www.blogdotarugao.com.br\/v1\/wp-json\/wp\/v2\/categories?post=138923"},{"taxonomy":"post_tag","embeddable":true,"href":"https:\/\/www.blogdotarugao.com.br\/v1\/wp-json\/wp\/v2\/tags?post=138923"}],"curies":[{"name":"wp","href":"https:\/\/api.w.org\/{rel}","templated":true}]}}