{"id":138925,"date":"2021-05-01T19:47:17","date_gmt":"2021-05-01T22:47:17","guid":{"rendered":"http:\/\/www.blogdotarugao.com.br\/v1\/?p=138925"},"modified":"2021-05-01T19:47:17","modified_gmt":"2021-05-01T22:47:17","slug":"olha-o-bafafa-vereador-e-preso-apos-confusao-com-fiscal","status":"publish","type":"post","link":"https:\/\/www.blogdotarugao.com.br\/v1\/2021\/05\/01\/olha-o-bafafa-vereador-e-preso-apos-confusao-com-fiscal\/","title":{"rendered":"OLHA O BAFAF\u00c1!!! VEREADOR \u00c9 PRESO AP\u00d3S CONFUS\u00c3O COM FISCAL"},"content":{"rendered":"<h3><img loading=\"lazy\" class=\"\" src=\"https:\/\/emc.acidadeon.com\/dbimagens\/vereador_cajuru_790x444_30042021202512.jpg\" width=\"580\" height=\"326\" \/><\/h3>\n<h3>O vereador Wagner Donizete Pereira (PSDB), presidente da C\u00e2mara Municipal de Cajuru, munic\u00edpio a 60 quil\u00f4metros de Ribeir\u00e3o Preto, foi preso pela Pol\u00edcia Civil. Na tarde desta sexta-feira (30), o vereador se envolveu em uma briga com o chefe da Vigil\u00e2ncia Sanit\u00e1ria da cidade.<br \/>\nDe acordo com a Pol\u00edcia, o chefe da Vigil\u00e2ncia Sanit\u00e1ria, Ant\u00f4nio Mandu, foi at\u00e9 a delegacia fazer um boletim de ocorr\u00eancia contra o vereador, por amea\u00e7as. No local, o vereador se envolveu na confus\u00e3o junto com outras pessoas que o acompanhavam. VEJA O V\u00cdDEO!<\/h3>\n<h3>\/<span class=\"vvqbox vvqyoutube\" style=\"width:425px;height:344px;\"><span id=\"vvq-138925-youtube-1\"><a href=\"http:\/\/www.youtube.com\/watch?v=QV6WnDZjIU4\"><img src=\"http:\/\/img.youtube.com\/vi\/QV6WnDZjIU4\/0.jpg\" alt=\"Imagem de Amostra do You Tube\" \/><\/a><\/span><\/span><\/h3>\n<h3>O delegado respons\u00e1vel pelo caso, Gustavo Andr\u00e9 Alves, disse que Wagner Donizete deve responder por coa\u00e7\u00e3o do curso do processo, infra\u00e7\u00e3o sanit\u00e1ria e outros crimes.<br \/>\nNeste s\u00e1bado (1\u00ba de maio), ele vai passar por audi\u00eancia de cust\u00f3dia. A C\u00e2mara de Cajuru foi procurada para comentar o caso, mas n\u00e3o respondeu at\u00e9 a publica\u00e7\u00e3o da mat\u00e9ria (com EPTV).<\/h3>\n<p><span style=\"color: #0000ff;\">RK<\/span><\/p>\n","protected":false},"excerpt":{"rendered":"<p>O vereador Wagner Donizete Pereira (PSDB), presidente da C\u00e2mara Municipal de Cajuru, munic\u00edpio a 60 quil\u00f4metros de Ribeir\u00e3o Preto, foi preso pela Pol\u00edcia Civil. Na tarde desta sexta-feira (30), o vereador se envolveu em uma briga com o chefe da Vigil\u00e2ncia Sanit\u00e1ria da cidade. De acordo com a Pol\u00edcia, o chefe da Vigil\u00e2ncia Sanit\u00e1ria, Ant\u00f4nio [&hellip;]<\/p>\n","protected":false},"author":2,"featured_media":138933,"comment_status":"open","ping_status":"open","sticky":false,"template":"","format":"standard","meta":{"_links_to":"","_links_to_target":""},"categories":[1],"tags":[],"_links":{"self":[{"href":"https:\/\/www.blogdotarugao.com.br\/v1\/wp-json\/wp\/v2\/posts\/138925"}],"collection":[{"href":"https:\/\/www.blogdotarugao.com.br\/v1\/wp-json\/wp\/v2\/posts"}],"about":[{"href":"https:\/\/www.blogdotarugao.com.br\/v1\/wp-json\/wp\/v2\/types\/post"}],"author":[{"embeddable":true,"href":"https:\/\/www.blogdotarugao.com.br\/v1\/wp-json\/wp\/v2\/users\/2"}],"replies":[{"embeddable":true,"href":"https:\/\/www.blogdotarugao.com.br\/v1\/wp-json\/wp\/v2\/comments?post=138925"}],"version-history":[{"count":7,"href":"https:\/\/www.blogdotarugao.com.br\/v1\/wp-json\/wp\/v2\/posts\/138925\/revisions"}],"predecessor-version":[{"id":138932,"href":"https:\/\/www.blogdotarugao.com.br\/v1\/wp-json\/wp\/v2\/posts\/138925\/revisions\/138932"}],"wp:featuredmedia":[{"embeddable":true,"href":"https:\/\/www.blogdotarugao.com.br\/v1\/wp-json\/wp\/v2\/media\/138933"}],"wp:attachment":[{"href":"https:\/\/www.blogdotarugao.com.br\/v1\/wp-json\/wp\/v2\/media?parent=138925"}],"wp:term":[{"taxonomy":"category","embeddable":true,"href":"https:\/\/www.blogdotarugao.com.br\/v1\/wp-json\/wp\/v2\/categories?post=138925"},{"taxonomy":"post_tag","embeddable":true,"href":"https:\/\/www.blogdotarugao.com.br\/v1\/wp-json\/wp\/v2\/tags?post=138925"}],"curies":[{"name":"wp","href":"https:\/\/api.w.org\/{rel}","templated":true}]}}