{"id":139090,"date":"2021-05-06T07:20:20","date_gmt":"2021-05-06T10:20:20","guid":{"rendered":"http:\/\/www.blogdotarugao.com.br\/v1\/?p=139090"},"modified":"2021-05-06T07:20:20","modified_gmt":"2021-05-06T10:20:20","slug":"presidente-do-estados-unidos-biden-apoia-quebra-de-patentes-de-vacina-contra-o-coronavirus","status":"publish","type":"post","link":"https:\/\/www.blogdotarugao.com.br\/v1\/2021\/05\/06\/presidente-do-estados-unidos-biden-apoia-quebra-de-patentes-de-vacina-contra-o-coronavirus\/","title":{"rendered":"PRESIDENTE DO ESTADOS UNIDOS BIDEN APOIA QUEBRA DE PATENTES DE VACINA CONTRA O CORONAV\u00cdRUS"},"content":{"rendered":"<h3><img loading=\"lazy\" class=\"wp-image-139091 alignleft\" src=\"http:\/\/www.blogdotarugao.com.br\/v1\/wp-content\/uploads\/2021\/05\/A2-13.jpg\" alt=\"\" width=\"585\" height=\"409\" \/>O governo de Joe Biden anunciou nesta quarta-feira (05) que apoia a quebra de direitos de propriedade intelectual das vacinas contra o novo coronav\u00edrus. Segundo a representante comercial dos Estados Unidos, Katherine Tai, por a pandemia se tratar de uma crise global, \u2018medidas extraordin\u00e1rias\u2019 devem ser tomadas.<\/h3>\n<h3>\u201cEssa \u00e9 uma crise de sa\u00fade global e as circunst\u00e2ncias extraordin\u00e1rias da pandemia de covid-19 exigem medidas extraordin\u00e1rias. O governo [Biden] acredita fortemente nas prote\u00e7\u00f5es de propriedade intelectual, mas em trabalho para acabar com essa pandemia apoia a suspens\u00e3o dessas prote\u00e7\u00f5es para as vacinas contra covid-19\u201d, afirmou.<\/h3>\n<h3>A ideia da quebra de patentes foi propostas por pa\u00edses como \u00cdndia e \u00c1frica do Sul na Organiza\u00e7\u00e3o Mundial do Com\u00e9rcio (OMC). O intuito da medida \u00e9 o de facilitar a transfer\u00eancia de tecnologia e produ\u00e7\u00e3o das vacinas em pa\u00edses em desenvolvimento.<\/h3>\n","protected":false},"excerpt":{"rendered":"<p>O governo de Joe Biden anunciou nesta quarta-feira (05) que apoia a quebra de direitos de propriedade intelectual das vacinas contra o novo coronav\u00edrus. Segundo a representante comercial dos Estados Unidos, Katherine Tai, por a pandemia se tratar de uma crise global, \u2018medidas extraordin\u00e1rias\u2019 devem ser tomadas. \u201cEssa \u00e9 uma crise de sa\u00fade global e [&hellip;]<\/p>\n","protected":false},"author":2,"featured_media":0,"comment_status":"open","ping_status":"open","sticky":false,"template":"","format":"standard","meta":{"_links_to":"","_links_to_target":""},"categories":[1],"tags":[],"_links":{"self":[{"href":"https:\/\/www.blogdotarugao.com.br\/v1\/wp-json\/wp\/v2\/posts\/139090"}],"collection":[{"href":"https:\/\/www.blogdotarugao.com.br\/v1\/wp-json\/wp\/v2\/posts"}],"about":[{"href":"https:\/\/www.blogdotarugao.com.br\/v1\/wp-json\/wp\/v2\/types\/post"}],"author":[{"embeddable":true,"href":"https:\/\/www.blogdotarugao.com.br\/v1\/wp-json\/wp\/v2\/users\/2"}],"replies":[{"embeddable":true,"href":"https:\/\/www.blogdotarugao.com.br\/v1\/wp-json\/wp\/v2\/comments?post=139090"}],"version-history":[{"count":1,"href":"https:\/\/www.blogdotarugao.com.br\/v1\/wp-json\/wp\/v2\/posts\/139090\/revisions"}],"predecessor-version":[{"id":139092,"href":"https:\/\/www.blogdotarugao.com.br\/v1\/wp-json\/wp\/v2\/posts\/139090\/revisions\/139092"}],"wp:attachment":[{"href":"https:\/\/www.blogdotarugao.com.br\/v1\/wp-json\/wp\/v2\/media?parent=139090"}],"wp:term":[{"taxonomy":"category","embeddable":true,"href":"https:\/\/www.blogdotarugao.com.br\/v1\/wp-json\/wp\/v2\/categories?post=139090"},{"taxonomy":"post_tag","embeddable":true,"href":"https:\/\/www.blogdotarugao.com.br\/v1\/wp-json\/wp\/v2\/tags?post=139090"}],"curies":[{"name":"wp","href":"https:\/\/api.w.org\/{rel}","templated":true}]}}