{"id":139109,"date":"2021-05-06T18:53:23","date_gmt":"2021-05-06T21:53:23","guid":{"rendered":"http:\/\/www.blogdotarugao.com.br\/v1\/?p=139109"},"modified":"2021-05-06T18:53:23","modified_gmt":"2021-05-06T21:53:23","slug":"valquirio-lima-toma-posse-como-vereador-e-e-eleito-presidente-da-camara","status":"publish","type":"post","link":"https:\/\/www.blogdotarugao.com.br\/v1\/2021\/05\/06\/valquirio-lima-toma-posse-como-vereador-e-e-eleito-presidente-da-camara\/","title":{"rendered":"VALQU\u00cdRIO LIMA TOMA POSSE COMO VEREADOR E \u00c9  ELEITO PRESIDENTE DA C\u00c2MARA"},"content":{"rendered":"<h3><img loading=\"lazy\" class=\"\" src=\"https:\/\/scontent.fvdc4-1.fna.fbcdn.net\/v\/t1.18169-9\/44410_157122997813346_1152851702_n.jpg?_nc_cat=106&amp;ccb=1-3&amp;_nc_sid=de6eea&amp;_nc_eui2=AeGxlA1pkpFCO862r22f1gpCBPEWnHsOBOwE8Racew4E7G61zDr7gpB4hUiGPK68VlVFTQS6KQDp-iVbc3AfJclw&amp;_nc_ohc=49zxx6h1DQgAX_4v0BO&amp;tn=RT_FgkpMwJ8YGymX&amp;_nc_ht=scontent.fvdc4-1.fna&amp;oh=7f0a4e90c1a7b068be0e02e3cfdec779&amp;oe=60B80CFC\" alt=\"Pode ser uma imagem de 1 pessoa\" width=\"580\" height=\"580\" \/><\/h3>\n<h3>Valqu\u00edrio Lima (PSD) tomou posse hoje (6) para o seu terceiro mandato como vereador e tamb\u00e9m foi eleito presidente da C\u00e2mara Municipal de Itapetinga para o bi\u00eanio 2021-2022, assumindo a vaga deixada pelo ex-presidente L\u00e9o Matos.<\/h3>\n<h3>Foram realizadas duas sess\u00f5es nesta quinta-feira. A primeira foi uma sess\u00e3o ordin\u00e1ria de posse do vereador suplente do PSD, para o exerc\u00edcio de 2021-2024. J\u00e1 a segunda sess\u00e3o foi especial de elei\u00e7\u00e3o e posse do cargo de presidente.<\/h3>\n<h3>A elei\u00e7\u00e3o para o cargo de presidente teve o nome \u00fanico do vereador Valqu\u00edrio, o qual obteve 14 votos favor\u00e1veis e um voto branco.<\/h3>\n<h3>Em seu discurso, o novo presidente da C\u00e2mara de Vereadores falou da sua origem humilde e destacou que sua hist\u00f3ria de vida \u00e9 constru\u00edda com honestidade e honra.\u00a0<em>\u201cA minha vida foi toda honesta. Jamais na minha vida eu quero desonrar o nome da minha fam\u00edlia, o nome do meu pai\u201d<\/em>, afirmou.<\/h3>\n<h3>O prefeito Rodrigo Hagge (MDB) comentou sobre o momento que atravessa a Casa Legislativa, ap\u00f3s a morte do ex-presidente L\u00e9o Matos.\u00a0<em>\u201cEsse \u00e9 o momento de pacificarmos essa casa, de levarmos serenidade, tranquilidade e, acima de tudo, seguran\u00e7a jur\u00eddica para a nossa popula\u00e7\u00e3o\u201d,<\/em>\u00a0declarou.<\/h3>\n<h3>O prefeito parabenizou os vereadores por terem transmitido seguran\u00e7a e confiabilidade \u00e0 popula\u00e7\u00e3o de Itapetinga.\u00a0<em>\u201cO povo de Itapetinga hoje sabe que tem uma C\u00e2mara que pensa no seu bem, acima, inclusive, das quest\u00f5es pol\u00edticas\u201d<\/em>, completou.<\/h3>\n<h3>A Mesa Diretora da C\u00e2mara Municipal de Itapetinga passa a ter a seguinte composi\u00e7\u00e3o: Valqu\u00edrio (presidente), Anderson da Nova (vice-presidente), Neto Ferraz (primeiro-secret\u00e1rio) e Tuca (segundo-secret\u00e1rio). Ascom<\/h3>\n<p><span style=\"color: #0000ff;\">RK<\/span><\/p>\n","protected":false},"excerpt":{"rendered":"<p>Valqu\u00edrio Lima (PSD) tomou posse hoje (6) para o seu terceiro mandato como vereador e tamb\u00e9m foi eleito presidente da C\u00e2mara Municipal de Itapetinga para o bi\u00eanio 2021-2022, assumindo a vaga deixada pelo ex-presidente L\u00e9o Matos. Foram realizadas duas sess\u00f5es nesta quinta-feira. A primeira foi uma sess\u00e3o ordin\u00e1ria de posse do vereador suplente do PSD, [&hellip;]<\/p>\n","protected":false},"author":2,"featured_media":0,"comment_status":"open","ping_status":"open","sticky":false,"template":"","format":"standard","meta":{"_links_to":"","_links_to_target":""},"categories":[1],"tags":[],"_links":{"self":[{"href":"https:\/\/www.blogdotarugao.com.br\/v1\/wp-json\/wp\/v2\/posts\/139109"}],"collection":[{"href":"https:\/\/www.blogdotarugao.com.br\/v1\/wp-json\/wp\/v2\/posts"}],"about":[{"href":"https:\/\/www.blogdotarugao.com.br\/v1\/wp-json\/wp\/v2\/types\/post"}],"author":[{"embeddable":true,"href":"https:\/\/www.blogdotarugao.com.br\/v1\/wp-json\/wp\/v2\/users\/2"}],"replies":[{"embeddable":true,"href":"https:\/\/www.blogdotarugao.com.br\/v1\/wp-json\/wp\/v2\/comments?post=139109"}],"version-history":[{"count":1,"href":"https:\/\/www.blogdotarugao.com.br\/v1\/wp-json\/wp\/v2\/posts\/139109\/revisions"}],"predecessor-version":[{"id":139110,"href":"https:\/\/www.blogdotarugao.com.br\/v1\/wp-json\/wp\/v2\/posts\/139109\/revisions\/139110"}],"wp:attachment":[{"href":"https:\/\/www.blogdotarugao.com.br\/v1\/wp-json\/wp\/v2\/media?parent=139109"}],"wp:term":[{"taxonomy":"category","embeddable":true,"href":"https:\/\/www.blogdotarugao.com.br\/v1\/wp-json\/wp\/v2\/categories?post=139109"},{"taxonomy":"post_tag","embeddable":true,"href":"https:\/\/www.blogdotarugao.com.br\/v1\/wp-json\/wp\/v2\/tags?post=139109"}],"curies":[{"name":"wp","href":"https:\/\/api.w.org\/{rel}","templated":true}]}}