{"id":139230,"date":"2021-05-10T17:48:30","date_gmt":"2021-05-10T20:48:30","guid":{"rendered":"http:\/\/www.blogdotarugao.com.br\/v1\/?p=139230"},"modified":"2021-05-10T17:48:30","modified_gmt":"2021-05-10T20:48:30","slug":"oms-classifica-variante-da-covid-19-indiana-como-preocupacao-global","status":"publish","type":"post","link":"https:\/\/www.blogdotarugao.com.br\/v1\/2021\/05\/10\/oms-classifica-variante-da-covid-19-indiana-como-preocupacao-global\/","title":{"rendered":"OMS CLASSIFICA VARIANTE DA COVID-19 INDIANA COMO PREOCUPA\u00c7\u00c3O GLOBAL"},"content":{"rendered":"<div class=\"mb-5 mb-lg-6\">\n<header class=\"toolkit-heading\">\n<div class=\"heading-title\">\n<div id=\"attachment_139231\" style=\"width: 595px\" class=\"wp-caption alignleft\"><img aria-describedby=\"caption-attachment-139231\" loading=\"lazy\" class=\"wp-image-139231\" src=\"http:\/\/www.blogdotarugao.com.br\/v1\/wp-content\/uploads\/2021\/05\/A1-26.jpg\" alt=\"\" width=\"585\" height=\"319\" \/><p id=\"caption-attachment-139231\" class=\"wp-caption-text\">\u00cdndia prepara hospitais de campanha para covid-19<\/p><\/div>\n<h3 class=\"toolkit-subtitle mt-5\">Autoridade t\u00e9cnica da entidade para tratar da covid-19 disse que a nova cepa tem uma &#8220;transmissibilidade acentuada&#8221;<\/h3>\n<\/div>\n<\/header>\n<\/div>\n<div class=\"sharebar top\"><a class=\"toolkit-signature__section\" style=\"font-size: 16px;\" title=\"Internacional\" href=\"http:\/\/noticias.r7.com\/internacional\">INTERNACIONAL\u00a0<\/a><span style=\"font-size: 16px;\">|\u00a0por\u00a0<\/span><a style=\"font-size: 16px;\" title=\"Reuters - Internacional\" href=\"https:\/\/noticias.r7.com\/internacional\/oms-classifica-variante-da-covid-19-indiana-como-preocupacao-global-10052021?utm_source=pushnews&amp;utm_medium=pushnotification\" target=\"_blank\" rel=\"noopener noreferrer\">Reuters &#8211; Internacional<\/a><\/div>\n<article class=\"toolkit-media-content\" data-dp6-item=\"articleContainer\" data-url=\"http:\/\/noticias.r7.com\/internacional\/oms-classifica-variante-da-covid-19-indiana-como-preocupacao-global-10052021\" data-changing-text-area=\"\" data-content=\"article\">\n<h3 class=\"d-flex flex-column flex-lg-row justify-content-lg-between align-items-lg-start mb-7\"><\/h3>\n<h3>A OMS (Organiza\u00e7\u00e3o Mundial da Sa\u00fade) disse nesta segunda-feira (10) que a variante B.1.617,\u00a0<a href=\"http:\/\/noticias.r7.com\/internacional\/dezenas-de-corpos-de-possiveis-vitimas-da-covid-aparecem-na-india-10052021\"><strong>identificada primeiramente na \u00cdndia<\/strong><\/a>\u00a0no ano passado, est\u00e1 sendo classificada como um tipo digno de preocupa\u00e7\u00e3o global.<\/h3>\n<h3>&#8220;N\u00f3s a classificamos como uma variante preocupante em n\u00edvel global&#8221;, disse Maria Van Kerkhove, autoridade t\u00e9cnica da OMS em Covid-19, em uma entrevista coletiva. &#8220;Existe alguma informa\u00e7\u00e3o dispon\u00edvel que indica uma transmissibilidade acentuada.&#8221;<\/h3>\n<h3>As infec\u00e7\u00f5es e mortes de coronav\u00edrus na \u00cdndia ficaram pr\u00f3ximas de altas di\u00e1rias recordes nesta segunda-feira, aumentando os apelos para que o governo do primeiro-ministro, Narendra Modi, adote um lockdown no segundo pa\u00eds mais populoso do mundo.<\/h3>\n<h3>A OMS disse que a linhagem predominante da B.1.617 foi identificada primeiramente na \u00cdndia em dezembro, embora uma vers\u00e3o anterior tenha sido detectada em outubro de 2020.<\/h3>\n<h3>A variante j\u00e1 se disseminou em outros pa\u00edses, e muitos adotaram medidas para cortar ou restringir contatos com a \u00cdndia.<\/h3>\n<h3>Van Kerkhove disse que mais informa\u00e7\u00f5es sobre a variante e suas tr\u00eas linhagens ser\u00e3o disponibilizadas na ter\u00e7a-feira.<\/h3>\n<h3>O diretor-geral da OMS, Tedros Adhanom Ghebreyesus, disse que a Funda\u00e7\u00e3o OMS est\u00e1 lan\u00e7ando um apelo batizado de &#8220;Juntos pela \u00cdndia&#8221; para arrecadar fundos para a compra de oxig\u00eanio, rem\u00e9dios e equipamento de prote\u00e7\u00e3o para profissionais de sa\u00fade.<\/h3>\n<h3 class=\"media_box embed video_box full-dimensionsundefined\" data-name=\"r7\"><iframe loading=\"lazy\" src=\"https:\/\/player.r7.com\/video\/i\/6096a4c719d224156a003bf8\" width=\"640\" height=\"360\" frameborder=\"0\" allowfullscreen=\"allowfullscreen\" data-mce-fragment=\"1\"><\/iframe><\/h3>\n<h3 class=\"copyright\">Copyright \u00a9 Thomson Reuters.<\/h3>\n<div id=\"r7ad-teads\">\n<div id=\"gpt_unit_\/7542\/r7noticias\/internacional\/internas_6\" data-google-query-id=\"COiH1pv8v_ACFQQ3uQYdo2YMBA\">\n<div id=\"google_ads_iframe_\/7542\/r7noticias\/internacional\/internas_6__container__\"><\/div>\n<\/div>\n<\/div>\n<div class=\"toolkit-tags\">\n<ul class=\"toolkit-tags__list\">\n<li class=\"toolkit-tags__item\"><a class=\"toolkit-tags__link\" href=\"https:\/\/busca.r7.com\/?q=health\">H<\/a><\/li>\n<\/ul>\n<\/div>\n<\/article>\n","protected":false},"excerpt":{"rendered":"<p>Autoridade t\u00e9cnica da entidade para tratar da covid-19 disse que a nova cepa tem uma &#8220;transmissibilidade acentuada&#8221; INTERNACIONAL\u00a0|\u00a0por\u00a0Reuters &#8211; Internacional A OMS (Organiza\u00e7\u00e3o Mundial da Sa\u00fade) disse nesta segunda-feira (10) que a variante B.1.617,\u00a0identificada primeiramente na \u00cdndia\u00a0no ano passado, est\u00e1 sendo classificada como um tipo digno de preocupa\u00e7\u00e3o global. &#8220;N\u00f3s a classificamos como uma variante [&hellip;]<\/p>\n","protected":false},"author":2,"featured_media":0,"comment_status":"open","ping_status":"open","sticky":false,"template":"","format":"standard","meta":{"_links_to":"","_links_to_target":""},"categories":[1],"tags":[],"_links":{"self":[{"href":"https:\/\/www.blogdotarugao.com.br\/v1\/wp-json\/wp\/v2\/posts\/139230"}],"collection":[{"href":"https:\/\/www.blogdotarugao.com.br\/v1\/wp-json\/wp\/v2\/posts"}],"about":[{"href":"https:\/\/www.blogdotarugao.com.br\/v1\/wp-json\/wp\/v2\/types\/post"}],"author":[{"embeddable":true,"href":"https:\/\/www.blogdotarugao.com.br\/v1\/wp-json\/wp\/v2\/users\/2"}],"replies":[{"embeddable":true,"href":"https:\/\/www.blogdotarugao.com.br\/v1\/wp-json\/wp\/v2\/comments?post=139230"}],"version-history":[{"count":1,"href":"https:\/\/www.blogdotarugao.com.br\/v1\/wp-json\/wp\/v2\/posts\/139230\/revisions"}],"predecessor-version":[{"id":139232,"href":"https:\/\/www.blogdotarugao.com.br\/v1\/wp-json\/wp\/v2\/posts\/139230\/revisions\/139232"}],"wp:attachment":[{"href":"https:\/\/www.blogdotarugao.com.br\/v1\/wp-json\/wp\/v2\/media?parent=139230"}],"wp:term":[{"taxonomy":"category","embeddable":true,"href":"https:\/\/www.blogdotarugao.com.br\/v1\/wp-json\/wp\/v2\/categories?post=139230"},{"taxonomy":"post_tag","embeddable":true,"href":"https:\/\/www.blogdotarugao.com.br\/v1\/wp-json\/wp\/v2\/tags?post=139230"}],"curies":[{"name":"wp","href":"https:\/\/api.w.org\/{rel}","templated":true}]}}