{"id":139254,"date":"2021-05-11T06:28:36","date_gmt":"2021-05-11T09:28:36","guid":{"rendered":"http:\/\/www.blogdotarugao.com.br\/v1\/?p=139254"},"modified":"2021-05-11T06:28:36","modified_gmt":"2021-05-11T09:28:36","slug":"fbi-alertou-policia-sobre-suspeitos-de-planejar-ataque-a-escolas-em-sao-paulo","status":"publish","type":"post","link":"https:\/\/www.blogdotarugao.com.br\/v1\/2021\/05\/11\/fbi-alertou-policia-sobre-suspeitos-de-planejar-ataque-a-escolas-em-sao-paulo\/","title":{"rendered":"FBI ALERTOU POL\u00cdCIA SOBRE SUSPEITOS DE PLANEJAR ATAQUE A ESCOLAS EM S\u00c3O PAULO"},"content":{"rendered":"<div class=\"mb-5 mb-lg-6\">\n<header class=\"toolkit-heading\">\n<div class=\"heading-title\">\n<div id=\"attachment_139256\" style=\"width: 595px\" class=\"wp-caption alignleft\"><img aria-describedby=\"caption-attachment-139256\" loading=\"lazy\" class=\"wp-image-139256\" src=\"http:\/\/www.blogdotarugao.com.br\/v1\/wp-content\/uploads\/2021\/05\/A1-28-600x327.jpg\" alt=\"\" width=\"585\" height=\"319\" srcset=\"https:\/\/www.blogdotarugao.com.br\/v1\/wp-content\/uploads\/2021\/05\/A1-28-600x327.jpg 600w, https:\/\/www.blogdotarugao.com.br\/v1\/wp-content\/uploads\/2021\/05\/A1-28.jpg 677w\" sizes=\"(max-width: 585px) 100vw, 585px\" \/><p id=\"caption-attachment-139256\" class=\"wp-caption-text\">Homem de 19 anos \u00e9 detido por policiais de SP por suspeita de planejar ataques a escolas<\/p><\/div>\n<h3 class=\"toolkit-subtitle mt-5\">Preso nesta segunda (10), homem de 19 anos mantinha conversas violentas na web e queria comprar armas, diz Pol\u00edcia Civil<\/h3>\n<\/div>\n<\/header>\n<\/div>\n<article class=\"toolkit-media-content\" data-dp6-item=\"articleContainer\" data-url=\"http:\/\/noticias.r7.com\/sao-paulo\/fbi-alertou-policia-sobre-suspeito-de-planejar-ataque-a-escolas-em-sp-10052021\" data-changing-text-area=\"\" data-content=\"article\">\n<h3>O FBI (ag\u00eancia dos Estados Unidos compar\u00e1vel \u00e0 Pol\u00edcia Federal brasileira) monitorou conversas na internet de um\u00a0<a href=\"https:\/\/noticias.r7.com\/sao-paulo\/suspeito-de-planejar-ataque-a-escola-e-alvo-de-mandado-em-sp-10052021\" target=\"_blank\" rel=\"noopener noreferrer\"><strong>homem de 19 anos preso nesta segunda-feira (10), em S\u00e3o Paulo<\/strong><\/a>, por suspeita de planejar ataques a escolas.<\/h3>\n<h3>Os agentes norte-americanos alertaram a Pol\u00edcia Civil de S\u00e3o Paulo sobre os planos do suspeito. Ao ser interrogado, ele admitiu \u2014 sem nenhum constrangimento,\u00a0 segundo os delegados \u2014 o desejo de cometer uma s\u00e9rie de assassinatos<\/h3>\n<h3>Durante as investiga\u00e7\u00f5es,\u00a0 pol\u00edcia paulista descobriu que o rapaz procurava comprar armas de fogo e tinha a inten\u00e7\u00e3o de saber como fazer o massacre.<\/h3>\n<h3>Segundo investigadores, ele narrou os planos como se passasse uma receita de bolo. Agora, a pol\u00edcia quer investigar aos outros envolvidos nas conversas e nos planos violentos. O homem, que n\u00e3o trabalhava nem estudava, tamb\u00e9m teria confirmado ser admirador de crimes violentos.<\/h3>\n<h3 class=\"media_box embed video_box full-dimensionsundefined\" data-name=\"r7\"><iframe loading=\"lazy\" src=\"https:\/\/player.r7.com\/video\/i\/60995c2919d224cdca000879\" width=\"660\" height=\"371\" frameborder=\"0\" allowfullscreen=\"allowfullscreen\" data-mce-fragment=\"1\"><\/iframe><\/h3>\n<h3>Em 2020, o suspeito j\u00e1 havia sido preso por manter essas conversas e planejar a\u00e7\u00f5es violentas. Ele foi liberado ao alegar insanidade mental.<\/h3>\n<h3>A pol\u00edcia percebeu, a partir dessa primeira deten\u00e7\u00e3o, que tamb\u00e9m existia um entrave jur\u00eddico: n\u00e3o havia tipifica\u00e7\u00e3o do crime para mant\u00ea-lo preso. Ent\u00e3o, os delegados conseguiram provas para tipificar o crime como corrup\u00e7\u00e3o de menores.<\/h3>\n<h3>A pris\u00e3o do suspeito, encontrado na casa de um tio, na periferia da cidade ocorreu seis dias depois de um ataque que deixou cinco mortos \u2014 duas professoras e tr\u00eas beb\u00eas com menos de 2 anos \u2014 em uma\u00a0<a href=\"https:\/\/noticias.r7.com\/cidades\/jovem-invade-creche-e-mata-2-professoras-e-3-criancas-em-sc-04052021\" target=\"_blank\" rel=\"noopener noreferrer\"><strong>creche na cidade de Saudades<\/strong><\/a>, em Santa Catarina.<\/h3>\n<\/article>\n","protected":false},"excerpt":{"rendered":"<p>Preso nesta segunda (10), homem de 19 anos mantinha conversas violentas na web e queria comprar armas, diz Pol\u00edcia Civil O FBI (ag\u00eancia dos Estados Unidos compar\u00e1vel \u00e0 Pol\u00edcia Federal brasileira) monitorou conversas na internet de um\u00a0homem de 19 anos preso nesta segunda-feira (10), em S\u00e3o Paulo, por suspeita de planejar ataques a escolas. Os [&hellip;]<\/p>\n","protected":false},"author":2,"featured_media":0,"comment_status":"open","ping_status":"open","sticky":false,"template":"","format":"standard","meta":{"_links_to":"","_links_to_target":""},"categories":[1],"tags":[],"_links":{"self":[{"href":"https:\/\/www.blogdotarugao.com.br\/v1\/wp-json\/wp\/v2\/posts\/139254"}],"collection":[{"href":"https:\/\/www.blogdotarugao.com.br\/v1\/wp-json\/wp\/v2\/posts"}],"about":[{"href":"https:\/\/www.blogdotarugao.com.br\/v1\/wp-json\/wp\/v2\/types\/post"}],"author":[{"embeddable":true,"href":"https:\/\/www.blogdotarugao.com.br\/v1\/wp-json\/wp\/v2\/users\/2"}],"replies":[{"embeddable":true,"href":"https:\/\/www.blogdotarugao.com.br\/v1\/wp-json\/wp\/v2\/comments?post=139254"}],"version-history":[{"count":1,"href":"https:\/\/www.blogdotarugao.com.br\/v1\/wp-json\/wp\/v2\/posts\/139254\/revisions"}],"predecessor-version":[{"id":139257,"href":"https:\/\/www.blogdotarugao.com.br\/v1\/wp-json\/wp\/v2\/posts\/139254\/revisions\/139257"}],"wp:attachment":[{"href":"https:\/\/www.blogdotarugao.com.br\/v1\/wp-json\/wp\/v2\/media?parent=139254"}],"wp:term":[{"taxonomy":"category","embeddable":true,"href":"https:\/\/www.blogdotarugao.com.br\/v1\/wp-json\/wp\/v2\/categories?post=139254"},{"taxonomy":"post_tag","embeddable":true,"href":"https:\/\/www.blogdotarugao.com.br\/v1\/wp-json\/wp\/v2\/tags?post=139254"}],"curies":[{"name":"wp","href":"https:\/\/api.w.org\/{rel}","templated":true}]}}