{"id":13930,"date":"2014-08-01T08:29:23","date_gmt":"2014-08-01T11:29:23","guid":{"rendered":"http:\/\/www.blogdotarugao.com.br\/v1\/?p=13930"},"modified":"2014-08-01T08:29:23","modified_gmt":"2014-08-01T11:29:23","slug":"garoto-com-cancer-terminal-morre-apos-realizar-desejo-que-acabou-em-acidente","status":"publish","type":"post","link":"https:\/\/www.blogdotarugao.com.br\/v1\/2014\/08\/01\/garoto-com-cancer-terminal-morre-apos-realizar-desejo-que-acabou-em-acidente\/","title":{"rendered":"Garoto com c\u00e2ncer terminal morre ap\u00f3s realizar desejo que acabou em acidente"},"content":{"rendered":"<p>Garoto de 14 anos ganhou passeio em um Porsche, que colidiu com outro carro e o deixou em estado grave na \u00c1ustria<\/p>\n<div>\n<table summary=\"\">\n<thead>\n<tr>\n<th scope=\"col\"><img loading=\"lazy\" alt=\"\" src=\"http:\/\/w1.c24hsttc.net\/uploads\/RTEmagicC_cancer_2.jpg.jpg\" width=\"306\" height=\"366\" \/><\/th>\n<\/tr>\n<\/thead>\n<tbody>\n<tr>\n<td>Foto: DailyMail<\/td>\n<\/tr>\n<\/tbody>\n<\/table>\n<p>Um garoto com c\u00e2ncer terminal teve o sonho de passear em um Porsche realizado, mas o que era para ser um dia feliz, acabou em um acidente que o deixou com as duas pernas quebradas e um peda\u00e7o da l\u00edngua cortado ao mord\u00ea-la na colis\u00e3o com outro carro.<\/p>\n<p>Raphael Wittmann, de 14 anos, ficou sob cuidados intensivos em um hospital em Viena, na \u00c1ustria, at\u00e9 falecer dois meses ap\u00f3s o acidente, em junho deste ano. Agora, sua fam\u00edlia alega que a institui\u00e7\u00e3o que concedeu seu desejo, a Kinder Krebshlife, n\u00e3o ofereceu ajuda ap\u00f3s a batida e exige uma compensa\u00e7\u00e3o por isso.<\/p>\n<\/div>\n<div>\n<p>O garoto teve o diagn\u00f3stico em maio de 2013 e recebeu terapia intensiva em casa, mas n\u00e3o surtiu efeito e os m\u00e9dicos disseram aos pais que Raphael n\u00e3o sobreviveria. Ao saber disso, seu pai Franz, 47, decidiu transformar seus \u00faltimos meses nos mais memor\u00e1veis, organizando uma viagem a Tenerife, ilha espanhola.<\/p>\n<\/div>\n<div>\n<p>Mas pouco antes de viajar, a institui\u00e7\u00e3o de crian\u00e7as com c\u00e2ncer convidou Raphael para um passeio no carro de alta performance fora da cidade. A fam\u00edlia alega que ap\u00f3s o acidente, o garoto apenas recebeu um iPhone dos organizadores do evento, que pertencia ao motorista que dirigia o Porsche.<\/p>\n<p>&nbsp;<\/p>\n<table summary=\"\">\n<thead>\n<tr>\n<th scope=\"col\"><img loading=\"lazy\" alt=\"\" src=\"http:\/\/w2.c24hsttc.net\/uploads\/RTEmagicC_cancer_01.jpg.jpg\" width=\"620\" height=\"465\" \/><\/th>\n<\/tr>\n<\/thead>\n<tbody>\n<tr>\n<td>Foto: DailyMail<\/td>\n<\/tr>\n<\/tbody>\n<\/table>\n<\/div>\n<div>\n<p>Em entrevista ao jornal Daily Mail, Franz declarou que j\u00e1 contatou uma advogada para processar a institui\u00e7\u00e3o. &#8220;Eu quero justi\u00e7a pelo meu garoto morto. N\u00e3o por mim&#8221;, afirmou.<\/p>\n<\/div>\n<div>\n<p>A advogada Astrid Wagner disse que a organiza\u00e7\u00e3o do evento deveria ter um seguro, antes de mais nada. &#8220;Era um evento de caridade, mas essas coisas deveriam ser devidamente organizadas. A institui\u00e7\u00e3o afirma que n\u00e3o organizou [o evento], mas n\u00e3o nos dizem quem foi&#8221;.<\/p>\n<p>A gerente da institui\u00e7\u00e3o, Karin Benedik, negou as alega\u00e7\u00f5es e disse que tentou ajudar a fam\u00edlia. &#8220;N\u00e3o fomos os organizadores do evento, foi a Porsche&#8221;.<\/p>\n<\/div>\n","protected":false},"excerpt":{"rendered":"<p>Garoto de 14 anos ganhou passeio em um Porsche, que colidiu com outro carro e o deixou em estado grave na \u00c1ustria Foto: DailyMail Um garoto com c\u00e2ncer terminal teve o sonho de passear em um Porsche realizado, mas o que era para ser um dia feliz, acabou em um acidente que o deixou com [&hellip;]<\/p>\n","protected":false},"author":2,"featured_media":0,"comment_status":"open","ping_status":"open","sticky":false,"template":"","format":"standard","meta":{"_links_to":"","_links_to_target":""},"categories":[28,1],"tags":[],"_links":{"self":[{"href":"https:\/\/www.blogdotarugao.com.br\/v1\/wp-json\/wp\/v2\/posts\/13930"}],"collection":[{"href":"https:\/\/www.blogdotarugao.com.br\/v1\/wp-json\/wp\/v2\/posts"}],"about":[{"href":"https:\/\/www.blogdotarugao.com.br\/v1\/wp-json\/wp\/v2\/types\/post"}],"author":[{"embeddable":true,"href":"https:\/\/www.blogdotarugao.com.br\/v1\/wp-json\/wp\/v2\/users\/2"}],"replies":[{"embeddable":true,"href":"https:\/\/www.blogdotarugao.com.br\/v1\/wp-json\/wp\/v2\/comments?post=13930"}],"version-history":[{"count":1,"href":"https:\/\/www.blogdotarugao.com.br\/v1\/wp-json\/wp\/v2\/posts\/13930\/revisions"}],"predecessor-version":[{"id":13931,"href":"https:\/\/www.blogdotarugao.com.br\/v1\/wp-json\/wp\/v2\/posts\/13930\/revisions\/13931"}],"wp:attachment":[{"href":"https:\/\/www.blogdotarugao.com.br\/v1\/wp-json\/wp\/v2\/media?parent=13930"}],"wp:term":[{"taxonomy":"category","embeddable":true,"href":"https:\/\/www.blogdotarugao.com.br\/v1\/wp-json\/wp\/v2\/categories?post=13930"},{"taxonomy":"post_tag","embeddable":true,"href":"https:\/\/www.blogdotarugao.com.br\/v1\/wp-json\/wp\/v2\/tags?post=13930"}],"curies":[{"name":"wp","href":"https:\/\/api.w.org\/{rel}","templated":true}]}}