{"id":139405,"date":"2021-05-13T19:07:52","date_gmt":"2021-05-13T22:07:52","guid":{"rendered":"http:\/\/www.blogdotarugao.com.br\/v1\/?p=139405"},"modified":"2021-05-13T19:07:52","modified_gmt":"2021-05-13T22:07:52","slug":"inss-vai-bloquear-beneficio-de-quem-nao-fizer-prova-de-vida","status":"publish","type":"post","link":"https:\/\/www.blogdotarugao.com.br\/v1\/2021\/05\/13\/inss-vai-bloquear-beneficio-de-quem-nao-fizer-prova-de-vida\/","title":{"rendered":"INSS VAI BLOQUEAR BENEF\u00cdCIO DE QUEM N\u00c3O FIZER PROVA DE VIDA"},"content":{"rendered":"<h3><img loading=\"lazy\" class=\"\" src=\"https:\/\/img.r7.com\/images\/inss-fachada-22032021184624286?dimensions=677x369\" alt=\"Bloqueios estavam suspensos desde mar\u00e7o de 2020\" width=\"580\" height=\"316\" \/><\/h3>\n<h3>O\u00a0<a href=\"https:\/\/noticias.r7.com\/economia\/veja-o-calendario-do-13-de-aposentados-e-pensionistas-do-inss-06052021\"><strong>INSS (Instituto Nacional do Seguro Social)<\/strong><\/a>\u00a0vai retomar o bloqueio de benef\u00edcios de aposentados e pensionistas que n\u00e3o fizerem a chamada prova de vida. Os bloqueios estavam suspensos desde mar\u00e7o de 2020 por conta da pandemia do coronav\u00edrus.<\/h3>\n<h3>De acordo com portaria publicada no Di\u00e1rio Oficial da Uni\u00e3o desta quinta-feira (13), os bloqueios ser\u00e3o retomados a partir da compet\u00eancia de maio de 2021.<\/h3>\n<h3>&#8220;A rotina citada abranger\u00e1, na compet\u00eancia maio de 2021, os benef\u00edcios em que n\u00e3o houve a realiza\u00e7\u00e3o da comprova\u00e7\u00e3o de vida por nenhum canal disponibilizado para tal procedimento, sendo estes selecionados para integrar o primeiro lote do processo de comprova\u00e7\u00e3o de vida por biometria facial&#8221;, afirma a portaria. (R7)<\/h3>\n<p><span style=\"color: #0000ff;\">RK<\/span><\/p>\n","protected":false},"excerpt":{"rendered":"<p>O\u00a0INSS (Instituto Nacional do Seguro Social)\u00a0vai retomar o bloqueio de benef\u00edcios de aposentados e pensionistas que n\u00e3o fizerem a chamada prova de vida. Os bloqueios estavam suspensos desde mar\u00e7o de 2020 por conta da pandemia do coronav\u00edrus. De acordo com portaria publicada no Di\u00e1rio Oficial da Uni\u00e3o desta quinta-feira (13), os bloqueios ser\u00e3o retomados a [&hellip;]<\/p>\n","protected":false},"author":2,"featured_media":0,"comment_status":"open","ping_status":"open","sticky":false,"template":"","format":"standard","meta":{"_links_to":"","_links_to_target":""},"categories":[1],"tags":[],"_links":{"self":[{"href":"https:\/\/www.blogdotarugao.com.br\/v1\/wp-json\/wp\/v2\/posts\/139405"}],"collection":[{"href":"https:\/\/www.blogdotarugao.com.br\/v1\/wp-json\/wp\/v2\/posts"}],"about":[{"href":"https:\/\/www.blogdotarugao.com.br\/v1\/wp-json\/wp\/v2\/types\/post"}],"author":[{"embeddable":true,"href":"https:\/\/www.blogdotarugao.com.br\/v1\/wp-json\/wp\/v2\/users\/2"}],"replies":[{"embeddable":true,"href":"https:\/\/www.blogdotarugao.com.br\/v1\/wp-json\/wp\/v2\/comments?post=139405"}],"version-history":[{"count":1,"href":"https:\/\/www.blogdotarugao.com.br\/v1\/wp-json\/wp\/v2\/posts\/139405\/revisions"}],"predecessor-version":[{"id":139406,"href":"https:\/\/www.blogdotarugao.com.br\/v1\/wp-json\/wp\/v2\/posts\/139405\/revisions\/139406"}],"wp:attachment":[{"href":"https:\/\/www.blogdotarugao.com.br\/v1\/wp-json\/wp\/v2\/media?parent=139405"}],"wp:term":[{"taxonomy":"category","embeddable":true,"href":"https:\/\/www.blogdotarugao.com.br\/v1\/wp-json\/wp\/v2\/categories?post=139405"},{"taxonomy":"post_tag","embeddable":true,"href":"https:\/\/www.blogdotarugao.com.br\/v1\/wp-json\/wp\/v2\/tags?post=139405"}],"curies":[{"name":"wp","href":"https:\/\/api.w.org\/{rel}","templated":true}]}}