{"id":139465,"date":"2021-05-15T07:53:11","date_gmt":"2021-05-15T10:53:11","guid":{"rendered":"http:\/\/www.blogdotarugao.com.br\/v1\/?p=139465"},"modified":"2021-05-15T07:53:11","modified_gmt":"2021-05-15T10:53:11","slug":"fachin-do-stf-arquiva-inquerito-e-proibe-pf-de-investigar-toffoli","status":"publish","type":"post","link":"https:\/\/www.blogdotarugao.com.br\/v1\/2021\/05\/15\/fachin-do-stf-arquiva-inquerito-e-proibe-pf-de-investigar-toffoli\/","title":{"rendered":"FACHIN, DO STF, ARQUIVA INQU\u00c9RITO E PRO\u00cdBE PF DE INVESTIGAR TOFFOLI"},"content":{"rendered":"<p><img loading=\"lazy\" class=\"\" src=\"https:\/\/img.r7.com\/images\/fachin-09032021100936949?dimensions=771x420\" alt=\"Ministro seguiu entendimento da PGR, que foi contr\u00e1ria \u00e0 homologa\u00e7\u00e3o da dela\u00e7\u00e3o\" width=\"580\" height=\"316\" \/><\/p>\n<h3>O ministro do STF (Supremo Tribunal Fedferal), Edson Fachin, negou nesta sexta-feira (14) o pedido da Pol\u00edcia Federal para\u00a0<a href=\"https:\/\/noticias.r7.com\/prisma\/r7-planalto\/pf-pede-ao-stf-abertura-de-inquerito-para-investigar-toffoli-11052021\"><strong>investigar seu colega, o ministro Dias Toffoli<\/strong><\/a>, que teve o nome citado em dela\u00e7\u00e3o do ex-governador do Rio de Janeiro, S\u00e9rgio Cabral.<\/h3>\n<h3>Fachin tamb\u00e9m proibiu novas investiga\u00e7\u00f5es com base no depoimento \u2013 que embasou o pedido de investiga\u00e7\u00e3o da PF\u00a0\u2013 at\u00e9\u00a0<a href=\"https:\/\/noticias.r7.com\/prisma\/r7-planalto\/fachin-pauta-recurso-sobre-delacao-de-cabral-que-cita-dias-toffoli-12052021\"><strong>julgamento do processo pelo Plen\u00e1rio do STF, no dia 21 de maio<\/strong><\/a>.<\/h3>\n<h3>Ele justificou barrar a investiga\u00e7\u00e3o de acordo com manifesta\u00e7\u00e3o da PGR (Procuradoria-Geral da Rep\u00fablica) sobre as dela\u00e7\u00f5es de Cabral. A Procuradoria entrou com recurso em 11 de fevereiro contra o depoimento, por suspeitar que o ex-governador continua ocultando valores recebidos por meio de propina e corrup\u00e7\u00e3o.<\/h3>\n<h3>&#8220;O entendimento \u00e9 o de que esse fato viola \u201ca boa-f\u00e9 objetiva\u201d, condi\u00e7\u00e3o necess\u00e1ria \u00e0 elabora\u00e7\u00e3o de acordos de colabora\u00e7\u00e3o&#8221;, escreveu o \u00f3rg\u00e3o, em nota. Por isso, segundo Fachin,\u00a0<a href=\"https:\/\/www.r7.com\/r7\/media\/pdf\/fachin-nega-inquerito-e-proibe-pf-de-investigar-toffoli.pdf\"><strong>o STF deveria seguir o entendimento da PGR<\/strong><\/a> sobre a validade da dela\u00e7\u00e3o, de acordo com precedentes do Supremo. ( R7 )<\/h3>\n<p><span style=\"color: #0000ff;\">RK\u00a0<\/span><\/p>\n","protected":false},"excerpt":{"rendered":"<p>O ministro do STF (Supremo Tribunal Fedferal), Edson Fachin, negou nesta sexta-feira (14) o pedido da Pol\u00edcia Federal para\u00a0investigar seu colega, o ministro Dias Toffoli, que teve o nome citado em dela\u00e7\u00e3o do ex-governador do Rio de Janeiro, S\u00e9rgio Cabral. Fachin tamb\u00e9m proibiu novas investiga\u00e7\u00f5es com base no depoimento \u2013 que embasou o pedido de [&hellip;]<\/p>\n","protected":false},"author":2,"featured_media":0,"comment_status":"open","ping_status":"open","sticky":false,"template":"","format":"standard","meta":{"_links_to":"","_links_to_target":""},"categories":[1],"tags":[],"_links":{"self":[{"href":"https:\/\/www.blogdotarugao.com.br\/v1\/wp-json\/wp\/v2\/posts\/139465"}],"collection":[{"href":"https:\/\/www.blogdotarugao.com.br\/v1\/wp-json\/wp\/v2\/posts"}],"about":[{"href":"https:\/\/www.blogdotarugao.com.br\/v1\/wp-json\/wp\/v2\/types\/post"}],"author":[{"embeddable":true,"href":"https:\/\/www.blogdotarugao.com.br\/v1\/wp-json\/wp\/v2\/users\/2"}],"replies":[{"embeddable":true,"href":"https:\/\/www.blogdotarugao.com.br\/v1\/wp-json\/wp\/v2\/comments?post=139465"}],"version-history":[{"count":1,"href":"https:\/\/www.blogdotarugao.com.br\/v1\/wp-json\/wp\/v2\/posts\/139465\/revisions"}],"predecessor-version":[{"id":139466,"href":"https:\/\/www.blogdotarugao.com.br\/v1\/wp-json\/wp\/v2\/posts\/139465\/revisions\/139466"}],"wp:attachment":[{"href":"https:\/\/www.blogdotarugao.com.br\/v1\/wp-json\/wp\/v2\/media?parent=139465"}],"wp:term":[{"taxonomy":"category","embeddable":true,"href":"https:\/\/www.blogdotarugao.com.br\/v1\/wp-json\/wp\/v2\/categories?post=139465"},{"taxonomy":"post_tag","embeddable":true,"href":"https:\/\/www.blogdotarugao.com.br\/v1\/wp-json\/wp\/v2\/tags?post=139465"}],"curies":[{"name":"wp","href":"https:\/\/api.w.org\/{rel}","templated":true}]}}