{"id":139467,"date":"2021-05-15T07:59:50","date_gmt":"2021-05-15T10:59:50","guid":{"rendered":"http:\/\/www.blogdotarugao.com.br\/v1\/?p=139467"},"modified":"2021-05-15T07:59:50","modified_gmt":"2021-05-15T10:59:50","slug":"esse-baixinho-nao-tem-carater-diz-rodrigo-maia-sobre-acm-neto","status":"publish","type":"post","link":"https:\/\/www.blogdotarugao.com.br\/v1\/2021\/05\/15\/esse-baixinho-nao-tem-carater-diz-rodrigo-maia-sobre-acm-neto\/","title":{"rendered":"&#8220;ESSE BAIXINHO N\u00c3O T\u00caM CAR\u00c1TER&#8221;, DIZ RODRIGO MAIA SOBRE ACM NETO"},"content":{"rendered":"<h3><img loading=\"lazy\" class=\"\" src=\"https:\/\/api.metro1.com.br\/noticias\/107096,esse-baixinho-nao-tem-carater-diz-rodrigo-maia-sobre-acm-neto-3.jpg\" alt=\"&quot;Esse baixinho n\u00e3o t\u00eam car\u00e1ter&quot;, diz Rodrigo Maia sobre ACM Neto\" width=\"581\" height=\"273\" \/><\/h3>\n<h3>A animosidade entre o ex-prefeito de Salvador e presidente nacional do Democratas, ACM Neto, e o ex-presidente da C\u00e2mara dos Deputados, Rodrigo Maia ganhou novos contornos nesta sexta-feira (14). Em coment\u00e1rios nas redes sociais, Maia chamou Neto de \u2018baixinho sem car\u00e1ter&#8217;, \u2018oportunista\u2019 e \u2018malandro baiano\u2019.<\/h3>\n<h3>As ofensas foram feitas em postagem no Instagram oficial do Democratas que compartilhava o\u00a0<strong><a href=\"https:\/\/www.metro1.com.br\/noticias\/politica\/107089,apos-ataques-a-acm-neto-rodrigo-maia-inicia-movimento-de-desfiliacao-do-dem\">posicionamento de Neto quanto \u00e0 sa\u00edda do vice-governador de S\u00e3o Paulo do DEM para o PSDB.<\/a><\/strong>\u00a0\u00a0Os coment\u00e1rios, feitos pela conta verificada de Maia, ainda insistem na afirma\u00e7\u00e3o de que ACM Neto ser\u00e1 vice do presidente Jair Bolsonaro (sem partido) em poss\u00edvel chapa de reelei\u00e7\u00e3o.<\/h3>\n<h3><strong><a href=\"https:\/\/www.metro1.com.br\/noticias\/politica\/106931,acm-neto-deve-ser-vice-na-chapa-de-bolsonaro-diz-rodrigo-maia\">O presidente da C\u00e2mara insiste na candidatura de Neto \u00e0 vice-presid\u00eancia desde entrevista dada ao Jornal da Bahia no Ar, da R\u00e1dio Metr\u00f3pole<\/a>.<\/strong>\u00a0Ao Metro1, Neto chamou a declara\u00e7\u00e3o de fake-news,<strong><a href=\"https:\/\/www.metro1.com.br\/noticias\/politica\/106941,acm-neto-chama-declaracoes-de-maia-de-fake-news-e-reforca-desejo-disputar-o-governo\"> e insistiu na vontade de ser governador da Bahia. ( Metro 1 )<\/a><\/strong><\/h3>\n<p><span style=\"color: #0000ff;\">RK<\/span><\/p>\n","protected":false},"excerpt":{"rendered":"<p>A animosidade entre o ex-prefeito de Salvador e presidente nacional do Democratas, ACM Neto, e o ex-presidente da C\u00e2mara dos Deputados, Rodrigo Maia ganhou novos contornos nesta sexta-feira (14). Em coment\u00e1rios nas redes sociais, Maia chamou Neto de \u2018baixinho sem car\u00e1ter&#8217;, \u2018oportunista\u2019 e \u2018malandro baiano\u2019. As ofensas foram feitas em postagem no Instagram oficial do [&hellip;]<\/p>\n","protected":false},"author":2,"featured_media":0,"comment_status":"open","ping_status":"open","sticky":false,"template":"","format":"standard","meta":{"_links_to":"","_links_to_target":""},"categories":[1],"tags":[],"_links":{"self":[{"href":"https:\/\/www.blogdotarugao.com.br\/v1\/wp-json\/wp\/v2\/posts\/139467"}],"collection":[{"href":"https:\/\/www.blogdotarugao.com.br\/v1\/wp-json\/wp\/v2\/posts"}],"about":[{"href":"https:\/\/www.blogdotarugao.com.br\/v1\/wp-json\/wp\/v2\/types\/post"}],"author":[{"embeddable":true,"href":"https:\/\/www.blogdotarugao.com.br\/v1\/wp-json\/wp\/v2\/users\/2"}],"replies":[{"embeddable":true,"href":"https:\/\/www.blogdotarugao.com.br\/v1\/wp-json\/wp\/v2\/comments?post=139467"}],"version-history":[{"count":1,"href":"https:\/\/www.blogdotarugao.com.br\/v1\/wp-json\/wp\/v2\/posts\/139467\/revisions"}],"predecessor-version":[{"id":139468,"href":"https:\/\/www.blogdotarugao.com.br\/v1\/wp-json\/wp\/v2\/posts\/139467\/revisions\/139468"}],"wp:attachment":[{"href":"https:\/\/www.blogdotarugao.com.br\/v1\/wp-json\/wp\/v2\/media?parent=139467"}],"wp:term":[{"taxonomy":"category","embeddable":true,"href":"https:\/\/www.blogdotarugao.com.br\/v1\/wp-json\/wp\/v2\/categories?post=139467"},{"taxonomy":"post_tag","embeddable":true,"href":"https:\/\/www.blogdotarugao.com.br\/v1\/wp-json\/wp\/v2\/tags?post=139467"}],"curies":[{"name":"wp","href":"https:\/\/api.w.org\/{rel}","templated":true}]}}