{"id":139502,"date":"2021-05-15T23:21:00","date_gmt":"2021-05-16T02:21:00","guid":{"rendered":"http:\/\/www.blogdotarugao.com.br\/v1\/?p=139502"},"modified":"2021-05-15T23:21:32","modified_gmt":"2021-05-16T02:21:32","slug":"ministerio-da-economia-avisou-a-pfizer-que-nao-decidia-sobre-vacina","status":"publish","type":"post","link":"https:\/\/www.blogdotarugao.com.br\/v1\/2021\/05\/15\/ministerio-da-economia-avisou-a-pfizer-que-nao-decidia-sobre-vacina\/","title":{"rendered":"MINIST\u00c9RIO DA ECONOMIA AVISOU A PFIZER QUE N\u00c3O DECIDIA SOBRE VACINA"},"content":{"rendered":"<div class=\"mb-5 mb-lg-6\">\n<header class=\"toolkit-heading\">\n<div class=\"heading-title\">\n<div id=\"attachment_139503\" style=\"width: 595px\" class=\"wp-caption alignleft\"><img aria-describedby=\"caption-attachment-139503\" loading=\"lazy\" class=\"wp-image-139503\" src=\"http:\/\/www.blogdotarugao.com.br\/v1\/wp-content\/uploads\/2021\/05\/A1-50.jpg\" alt=\"\" width=\"585\" height=\"585\" srcset=\"https:\/\/www.blogdotarugao.com.br\/v1\/wp-content\/uploads\/2021\/05\/A1-50.jpg 600w, https:\/\/www.blogdotarugao.com.br\/v1\/wp-content\/uploads\/2021\/05\/A1-50-200x200.jpg 200w\" sizes=\"(max-width: 585px) 100vw, 585px\" \/><p id=\"caption-attachment-139503\" class=\"wp-caption-text\">Carlos Murillo, da Pfizer, citou reuni\u00e3o com minist\u00e9rio na CPI da Covid<\/p><\/div>\n<h3 class=\"toolkit-subtitle mt-5\">Representantes da pasta afirmam que companhia foi avisada que compet\u00eancia para compra de imunizante era da sa\u00fade<\/h3>\n<\/div>\n<\/header>\n<\/div>\n<article class=\"toolkit-media-content\" data-dp6-item=\"articleContainer\" data-url=\"http:\/\/noticias.r7.com\/brasil\/ministerio-da-economia-avisou-pfizer-que-nao-decidia-sobre-vacina-15052021\" data-changing-text-area=\"\" data-content=\"article\">\n<h3>O Minist\u00e9rio da Economia confirmou \u00e0\u00a0<span style=\"color: #0000ff;\"><a style=\"color: #0000ff;\" href=\"https:\/\/noticias.r7.com\/brasil\/cpi-da-covid\" target=\"_blank\" rel=\"noopener noreferrer\"><strong>CPI (Comiss\u00e3o Parlamentar de Inqu\u00e9rito) da Covid<\/strong><\/a><\/span>\u00a0que, em 7 de agosto do ano passado, representantes da pasta estiveram reunidos com executivos da Pfizer para discutir os avan\u00e7os da companhia na busca de uma vacina contra a covid-19.<\/h3>\n<h3>Na ocasi\u00e3o, o minist\u00e9rio informou \u00e0 Pfizer que n\u00e3o era respons\u00e1vel pela decis\u00e3o de compra de vacinas.<\/h3>\n<h3>A informa\u00e7\u00e3o consta de um despacho encaminhado pelo minist\u00e9rio \u00e0\u00a0<a href=\"https:\/\/noticias.r7.com\/brasil\/cpi-da-covid-detalha-escolhas-erradas-do-governo-na-pandemia-14052021\" target=\"_blank\" rel=\"noopener noreferrer\"><strong><span style=\"color: #0000ff;\">CPI da Covid<\/span><\/strong><\/a>\u00a0em resposta a solicita\u00e7\u00e3o de documentos relacionados \u00e0 aquisi\u00e7\u00e3o de vacinas pelo Brasil.<\/h3>\n<h3>Nele, a pasta relata que &#8220;a empresa procurou o minist\u00e9rio para informar sobre a sua tecnologia para desenvolver a produ\u00e7\u00e3o da vacina contra a covid-19, o que incluiu o est\u00e1gio de desenvolvimento (testes cl\u00ednicos em curso) e tecnologia inovadora envolvida&#8221;.<\/h3>\n<h3>&#8220;A empresa foi informada na reuni\u00e3o que n\u00e3o cabe ao Minist\u00e9rio da Economia decidir sobre a compra de determinada vacina, pois se trata de uma decis\u00e3o de Sa\u00fade P\u00fablica&#8221;, acrescentou a pasta.<\/h3>\n<h3>Na \u00faltima semana,\u00a0<span style=\"color: #0000ff;\"><a style=\"color: #0000ff;\" href=\"https:\/\/noticias.r7.com\/brasil\/veja-ofertas-da-pfizer-que-foram-ignoradas-pelo-ministerio-da-saude-13052021\" target=\"_blank\" rel=\"noopener noreferrer\"><strong>durante audi\u00eancia da CPI da Covid, o gerente-geral da Pfizer na Am\u00e9rica Latina, Carlos Murillo<\/strong><\/a><\/span>, j\u00e1 havia citado a reuni\u00e3o com os representantes do Minist\u00e9rio da Economia em agosto.<\/h3>\n<h3>Este contato, no entanto, teve car\u00e1ter preliminar, porque na ocasi\u00e3o a Pfizer n\u00e3o havia feito uma oferta formal ao governo brasileiro.<\/h3>\n<h3 class=\"media_box embed video_box full-dimensionsundefined\" data-name=\"r7\"><iframe loading=\"lazy\" src=\"https:\/\/player.r7.com\/video\/i\/609db6dd4b4955cad30002c8\" width=\"640\" height=\"360\" frameborder=\"0\" allowfullscreen=\"allowfullscreen\" data-mce-fragment=\"1\"><\/iframe><\/h3>\n<h3>Na CPI, Murillo afirmou que a primeira proposta para venda de vacina ao Brasil foi feita dias depois, em 14 de agosto. Uma segunda proposta foi apresentada em 26 de agosto, com validade de 15 dias. Passado o prazo, o governo brasileiro n\u00e3o rejeitou nem aceitou a oferta.<\/h3>\n<h3>Nada foi feito. Uma das propostas da Pfizer era de venda de 30 milh\u00f5es de doses e outra de 70 milh\u00f5es de doses, a serem entregues em 2020 e 2021. O pre\u00e7o oferecido pela empresa era de US$ 10 (cerca de R$ 53, na atual taxa de c\u00e2mbio) por dose de vacina.<\/h3>\n<h3>O passo seguinte da Pfizer na negocia\u00e7\u00e3o foi enviar, em 12 de setembro, uma carta ao governo brasileiro se oferecendo para um acordo.<\/h3>\n<h3>Na \u00faltima quarta-feira (12), o ex-secret\u00e1rio de Comunica\u00e7\u00e3o Social da Presid\u00eancia F\u00e1bio Wajngarten admitiu \u00e0 CPI da Covid que a carta na qual a Pfizer se dispunha a negociar vacinas contra o novo coronav\u00edrus foi enviada ao governo em setembro de 2020.<\/h3>\n<h3>Segundo ele, a carta ficou dois meses sem resposta. Al\u00e9m do ent\u00e3o ministro da Sa\u00fade, general Eduardo Pazuello, outras autoridades receberam a carta, como o pr\u00f3prio ministro da Economia, Paulo Guedes.<\/h3>\n<\/article>\n","protected":false},"excerpt":{"rendered":"<p>Representantes da pasta afirmam que companhia foi avisada que compet\u00eancia para compra de imunizante era da sa\u00fade O Minist\u00e9rio da Economia confirmou \u00e0\u00a0CPI (Comiss\u00e3o Parlamentar de Inqu\u00e9rito) da Covid\u00a0que, em 7 de agosto do ano passado, representantes da pasta estiveram reunidos com executivos da Pfizer para discutir os avan\u00e7os da companhia na busca de uma [&hellip;]<\/p>\n","protected":false},"author":2,"featured_media":0,"comment_status":"open","ping_status":"open","sticky":false,"template":"","format":"standard","meta":{"_links_to":"","_links_to_target":""},"categories":[1],"tags":[],"_links":{"self":[{"href":"https:\/\/www.blogdotarugao.com.br\/v1\/wp-json\/wp\/v2\/posts\/139502"}],"collection":[{"href":"https:\/\/www.blogdotarugao.com.br\/v1\/wp-json\/wp\/v2\/posts"}],"about":[{"href":"https:\/\/www.blogdotarugao.com.br\/v1\/wp-json\/wp\/v2\/types\/post"}],"author":[{"embeddable":true,"href":"https:\/\/www.blogdotarugao.com.br\/v1\/wp-json\/wp\/v2\/users\/2"}],"replies":[{"embeddable":true,"href":"https:\/\/www.blogdotarugao.com.br\/v1\/wp-json\/wp\/v2\/comments?post=139502"}],"version-history":[{"count":2,"href":"https:\/\/www.blogdotarugao.com.br\/v1\/wp-json\/wp\/v2\/posts\/139502\/revisions"}],"predecessor-version":[{"id":139505,"href":"https:\/\/www.blogdotarugao.com.br\/v1\/wp-json\/wp\/v2\/posts\/139502\/revisions\/139505"}],"wp:attachment":[{"href":"https:\/\/www.blogdotarugao.com.br\/v1\/wp-json\/wp\/v2\/media?parent=139502"}],"wp:term":[{"taxonomy":"category","embeddable":true,"href":"https:\/\/www.blogdotarugao.com.br\/v1\/wp-json\/wp\/v2\/categories?post=139502"},{"taxonomy":"post_tag","embeddable":true,"href":"https:\/\/www.blogdotarugao.com.br\/v1\/wp-json\/wp\/v2\/tags?post=139502"}],"curies":[{"name":"wp","href":"https:\/\/api.w.org\/{rel}","templated":true}]}}