{"id":139506,"date":"2021-05-16T00:21:39","date_gmt":"2021-05-16T03:21:39","guid":{"rendered":"http:\/\/www.blogdotarugao.com.br\/v1\/?p=139506"},"modified":"2021-05-16T00:21:39","modified_gmt":"2021-05-16T03:21:39","slug":"atriz-eva-vilma-morre-aos-87-anos-vitima-de-cancer-no-ovario","status":"publish","type":"post","link":"https:\/\/www.blogdotarugao.com.br\/v1\/2021\/05\/16\/atriz-eva-vilma-morre-aos-87-anos-vitima-de-cancer-no-ovario\/","title":{"rendered":"ATRIZ EVA VILMA MORRE AOS 87 ANOS V\u00cdTIMA DE CANC\u00caR NO OV\u00c1RIO"},"content":{"rendered":"<div class=\"mb-5 mb-lg-6\">\n<header class=\"toolkit-heading\">\n<div class=\"heading-title\">\n<div id=\"attachment_139507\" style=\"width: 610px\" class=\"wp-caption alignleft\"><img aria-describedby=\"caption-attachment-139507\" loading=\"lazy\" class=\"wp-image-139507 size-full\" src=\"http:\/\/www.blogdotarugao.com.br\/v1\/wp-content\/uploads\/2021\/05\/A1-51.jpg\" alt=\"\" width=\"600\" height=\"327\" \/><p id=\"caption-attachment-139507\" class=\"wp-caption-text\">A atriz Eva Wilma morreu aos 87 anos<\/p><\/div>\n<h3 class=\"toolkit-subtitle mt-5\">Atriz havia sido internada no dia 10 de janeiro com um quadro de pneumonia e descobriu um c\u00e2ncer de ov\u00e1rio<\/h3>\n<\/div>\n<\/header>\n<\/div>\n<article class=\"toolkit-media-content\" data-dp6-item=\"articleContainer\" data-url=\"http:\/\/entretenimento.r7.com\/famosos-e-tv\/eva-wilma-morre-aos-87-anos-em-sao-paulo-15052021\" data-changing-text-area=\"\" data-content=\"article\">\n<h3>Morreu na noite deste s\u00e1bado (15), aos 87 anos, a atriz Eva Wilma. A informa\u00e7\u00e3o foi confirmada por seu assessor. Ela foi v\u00edtima de um c\u00e2ncer no ov\u00e1rio descoberto recentemente. Eva estava internada no Hospital Israelita Albert Einstein<\/h3>\n<h3>Eva foi internada em 10 de janeiro com um quadro de pneumonia. Na \u00e9poca, foi submetida a um teste de covid-19, que deu negativo. Dias depois foi descoberto o c\u00e2ncer no ov\u00e1rio.<\/h3>\n<h3>A atriz j\u00e1 havia tido problemas respirat\u00f3rios no passado. Em 2016, ela sofreu uma embolia pulmonar. Ap\u00f3s passar por um tratamento de tr\u00eas semanas, ela se recuperou.<\/h3>\n<h3>De fam\u00edlia de origem alem\u00e3,\u00a0Eva Wilma Riefle Buckup Zarattini nasceu em 14 de dezembro de 1933, em S\u00e3o Paulo.<\/h3>\n<h3><span style=\"color: #000080;\">TRAJET\u00d3RIA<\/span><\/h3>\n<h3>A arte faz da vida de Eva desde pequena. Aos 14 anos, ela j\u00e1 atuava como bailarina cl\u00e1ssica.<\/h3>\n<h3>Da dan\u00e7a, ela come\u00e7ou a ter oportunidade no teatro, participando de in\u00fameras pe\u00e7as. Logo no come\u00e7o da carreira, fez cl\u00e1ssicos como\u00a0<em>Hamlet<\/em>,\u00a0<em>Edipo Rei<\/em>,\u00a0<em>A Can\u00e7\u00e3o para Bernadette<\/em>\u00a0e<em>\u00a0Casa de Bonecas<\/em>.<\/h3>\n<h3>No cinema, ela estreou em 1953 quando foi convidada pelo diretor italiano Luciano Salce para o filme\u00a0<em>Uma Pulga na Balan\u00e7a<\/em>.\u00a0Ela fez filmes como<em>\u00a0Assassinato em Copacabana<\/em>,\u00a0<em>A Sogra<\/em>,\u00a0<em>O Quinto Poder<\/em>,\u00a0<em>A Ilha<\/em>,\u00a0<em>S\u00e3o Paulo S\/A<\/em>,<em>\u00a0Asa Branca &#8211; Um Sonho Brasileiro<\/em>,\u00a0<em>O Signo da Cidade<\/em>\u00a0e\u00a0<em>A Guerra dos Vizinhos<\/em>. Sua \u00faltima produ\u00e7\u00e3o nas telonas foi\u00a0<em>Minha M\u00e3e, Minha Filha<\/em>, de 2018<\/h3>\n<h3>Ela estrou na TV ao participar do seriado\u00a0<em>Namorados de S\u00e3o Paulo<\/em>, de Cassiano Gabus Mendes, na TV Tupo, de 1953. A produ\u00e7\u00e3o foi ent\u00e3o adaptada para se tornar\u00a0<em>Al\u00f4, Do\u00e7ura!<\/em>, inspirada no sucesso<em>\u00a0I Love Lucy<\/em>. Eva se tornou protagonista com M\u00e1rio S\u00e9rgio e, na sequ\u00eancia, o ator foi substitu\u00eddo por John Herbert.<\/h3>\n<h3>Eva e Herbert se casaram em 1955 e ficaram juntos at\u00e9 1976. O casal teve dois filhos: Vivien e John\u00a0 Herbert.<\/h3>\n<h3>O sucesso do seriado foi tanto que o casal se tornou um dos mais marcantes da \u00e9poca na TV brasileira.<\/h3>\n<h3>Na Record, Eva fez ao lado do marido novelas como\u00a0<em>Com\u00e9dia Carioca<\/em>\u00a0e\u00a0<em>Prisioneiro de um Sonho<\/em>.<\/h3>\n<h3>Na d\u00e9cada de 60, ela tamb\u00e9m fez papeis marcantes em produ\u00e7\u00f5es como\u00a0<em>Ana Maria Meu amor<\/em>,\u00a0<em>Fatalidade\u00a0<\/em>e\u00a0<em>Ang\u00fastia de Amar<\/em>, novela baseada no filme\u00a0<em>O Que Aconteceu a Baby Jane?<\/em>, e\u00a0<em>O Amor Tem Cara de Mulher<\/em>, seriado pelo qual foi aclamada.<\/h3>\n<h3>J\u00e1 na d\u00e9cada de 70, fez sucessos como\u00a0<em>Meu P\u00e9 de Laranja Lima<\/em>, interpretou as g\u00eameas Ruth e Raquel na primeira vers\u00e3o de\u00a0<em>Mulheres de Areia\u00a0<\/em>e viveu Dinah, tamb\u00e9m na primeira adapta\u00e7\u00e3o da novela\u00a0<em>A Viagem<\/em>.<\/h3>\n<h3>Eva fez alguns trabalhos com o ator e diretor Carlos Zara, com quem se casaria em 1979. Eles ficaram juntos por 23 anos, at\u00e9 a morte de Zara em 2002.<\/h3>\n<h3>Em 1980, Eva Wilma foi contratada pela Globo, onde fez de cara novelas como\u00a0<em>Plumas e Paet\u00eas<\/em>,\u00a0<em>Elas por Elas<\/em>\u00a0e\u00a0<em>Ciranda de Pedra<\/em>. Na d\u00e9cada, fez trabalhos marcantes como\u00a0<em>Guerra dos Sexos<\/em>, na qual viveu B\u00e1rbara Guerra,\u00a0<em>Sassaricando<\/em>, novela em que interpretou Pen\u00e9lope Bacelar e\u00a0<em>Que Rei Sou Eu?<\/em>, onde viveu a Marquesa D&#8217;Anjou.<\/h3>\n<h3>Nos anos 90, deu vida a um de seus papeis mais queridos, a vil\u00e3 Maria Altiva, de\u00a0<em>A Indomada<\/em>, com seu famoso bord\u00e3o &#8220;Oxente, my god&#8221;.\u00a0Ela tamb\u00e9m fez novelas como\u00a0<em>O Rei do Gado<\/em>,\u00a0<em>Hist\u00f3ria de Amor<\/em>\u00a0e\u00a0<em>P\u00e1tria Minha<\/em>.<\/h3>\n<h3>Outro personagem marcante da atriz foi a Tia \u00cdris, da novela\u00a0<em>Fina Estampa<\/em>, em 2011. J\u00e1 em 2014, ela chamou a aten\u00e7\u00e3o como a alc\u00f3olatra F\u00e1bia, de\u00a0<em>Verdades Secretas<\/em>.<\/h3>\n<h3>A \u00faltima novela de Eva foi\u00a0<em>O Tempo N\u00e3o Para<\/em>, de 2018, enquanto sua \u00faltima apari\u00e7\u00e3o na TV foi na s\u00e9rie\u00a0<em>Os Experientes<\/em>, de 2019.<\/h3>\n<h3>No teatro, estrelou recentemente\u00a0<em>O Que Ter\u00e1 Acontecido a Baby Jane?<\/em>, ao lado de Nicette Bruno, que morreu de covid-19 em 2020. A montagem foi bastante elogiada.<\/h3>\n<h3>Eva foi premiada por sua atua\u00e7\u00e3o desde o in\u00edcio da carreira, colecionando pr\u00eamios em seus mais de 60 anos de sucesso.<\/h3>\n<\/article>\n","protected":false},"excerpt":{"rendered":"<p>Atriz havia sido internada no dia 10 de janeiro com um quadro de pneumonia e descobriu um c\u00e2ncer de ov\u00e1rio Morreu na noite deste s\u00e1bado (15), aos 87 anos, a atriz Eva Wilma. A informa\u00e7\u00e3o foi confirmada por seu assessor. Ela foi v\u00edtima de um c\u00e2ncer no ov\u00e1rio descoberto recentemente. Eva estava internada no Hospital [&hellip;]<\/p>\n","protected":false},"author":2,"featured_media":0,"comment_status":"open","ping_status":"open","sticky":false,"template":"","format":"standard","meta":{"_links_to":"","_links_to_target":""},"categories":[1],"tags":[],"_links":{"self":[{"href":"https:\/\/www.blogdotarugao.com.br\/v1\/wp-json\/wp\/v2\/posts\/139506"}],"collection":[{"href":"https:\/\/www.blogdotarugao.com.br\/v1\/wp-json\/wp\/v2\/posts"}],"about":[{"href":"https:\/\/www.blogdotarugao.com.br\/v1\/wp-json\/wp\/v2\/types\/post"}],"author":[{"embeddable":true,"href":"https:\/\/www.blogdotarugao.com.br\/v1\/wp-json\/wp\/v2\/users\/2"}],"replies":[{"embeddable":true,"href":"https:\/\/www.blogdotarugao.com.br\/v1\/wp-json\/wp\/v2\/comments?post=139506"}],"version-history":[{"count":1,"href":"https:\/\/www.blogdotarugao.com.br\/v1\/wp-json\/wp\/v2\/posts\/139506\/revisions"}],"predecessor-version":[{"id":139508,"href":"https:\/\/www.blogdotarugao.com.br\/v1\/wp-json\/wp\/v2\/posts\/139506\/revisions\/139508"}],"wp:attachment":[{"href":"https:\/\/www.blogdotarugao.com.br\/v1\/wp-json\/wp\/v2\/media?parent=139506"}],"wp:term":[{"taxonomy":"category","embeddable":true,"href":"https:\/\/www.blogdotarugao.com.br\/v1\/wp-json\/wp\/v2\/categories?post=139506"},{"taxonomy":"post_tag","embeddable":true,"href":"https:\/\/www.blogdotarugao.com.br\/v1\/wp-json\/wp\/v2\/tags?post=139506"}],"curies":[{"name":"wp","href":"https:\/\/api.w.org\/{rel}","templated":true}]}}