{"id":139578,"date":"2021-05-19T06:55:59","date_gmt":"2021-05-19T09:55:59","guid":{"rendered":"http:\/\/www.blogdotarugao.com.br\/v1\/?p=139578"},"modified":"2021-05-19T06:55:59","modified_gmt":"2021-05-19T09:55:59","slug":"deputado-paulo-camara-participa-do-jornal-da-cidade-na-manha-desta-quarta-19-sintonize-radio-jornal-am-660","status":"publish","type":"post","link":"https:\/\/www.blogdotarugao.com.br\/v1\/2021\/05\/19\/deputado-paulo-camara-participa-do-jornal-da-cidade-na-manha-desta-quarta-19-sintonize-radio-jornal-am-660\/","title":{"rendered":"DEPUTADO PAULO C\u00c2MARA PARTICIPA DO JORNAL DA CIDADE NA MANH\u00c3 DESTA QUARTA (19). SINTONIZE: R\u00c1DIO JORNAL AM 660!"},"content":{"rendered":"<h3><img loading=\"lazy\" class=\"wp-image-139573 alignleft\" src=\"http:\/\/www.blogdotarugao.com.br\/v1\/wp-content\/uploads\/2021\/05\/A1-59.jpg\" alt=\"\" width=\"585\" height=\"439\" \/>O Deputado Paulo C\u00e2mara ser\u00e1 o entrevistado do Programa Jornal da Cidade, desta quarta-feira (19), que vai ao ar de Segunda \u00e1 sexta-feira de 06:30 \u00e0s 08h pela R\u00e1dio Jornal 660 AM<br \/>\nAssuntos em pauta: Presta\u00e7\u00e3o de contas dos seus trabalhos em benef\u00edcio de Itapetinga e o documento protocolado na PGR para investigar na CPI da COVID, a comprar dos respiradores que foram pagos antecipadamente e que nunca chegaram a Bahia<br \/>\nVoc\u00ea pode participar atrav\u00e9s dos Fone: (<span style=\"color: #0000ff;\">77<\/span>) <span style=\"color: #0000ff;\">3261-1010<\/span> que tamb\u00e9m \u00e9 zap.<br \/>\nVoc\u00ea pode tamb\u00e9m mandar seu zap e fazer seu questionamento:\u00a0ZAP\u00a0(<span style=\"color: #0000ff;\">77<\/span>) <span style=\"color: #0000ff;\">98821-2051<\/span>.<br \/>\nPode tamb\u00e9m acompanhar a Live:\u00a0www.facebook.com\/tarugao.barreira<br \/>\nR\u00e1dio Jornal <span style=\"color: #0000ff;\">660 AM<\/span>.<\/h3>\n","protected":false},"excerpt":{"rendered":"<p>O Deputado Paulo C\u00e2mara ser\u00e1 o entrevistado do Programa Jornal da Cidade, desta quarta-feira (19), que vai ao ar de Segunda \u00e1 sexta-feira de 06:30 \u00e0s 08h pela R\u00e1dio Jornal 660 AM Assuntos em pauta: Presta\u00e7\u00e3o de contas dos seus trabalhos em benef\u00edcio de Itapetinga e o documento protocolado na PGR para investigar na CPI [&hellip;]<\/p>\n","protected":false},"author":2,"featured_media":0,"comment_status":"open","ping_status":"open","sticky":false,"template":"","format":"standard","meta":{"_links_to":"","_links_to_target":""},"categories":[1],"tags":[],"_links":{"self":[{"href":"https:\/\/www.blogdotarugao.com.br\/v1\/wp-json\/wp\/v2\/posts\/139578"}],"collection":[{"href":"https:\/\/www.blogdotarugao.com.br\/v1\/wp-json\/wp\/v2\/posts"}],"about":[{"href":"https:\/\/www.blogdotarugao.com.br\/v1\/wp-json\/wp\/v2\/types\/post"}],"author":[{"embeddable":true,"href":"https:\/\/www.blogdotarugao.com.br\/v1\/wp-json\/wp\/v2\/users\/2"}],"replies":[{"embeddable":true,"href":"https:\/\/www.blogdotarugao.com.br\/v1\/wp-json\/wp\/v2\/comments?post=139578"}],"version-history":[{"count":1,"href":"https:\/\/www.blogdotarugao.com.br\/v1\/wp-json\/wp\/v2\/posts\/139578\/revisions"}],"predecessor-version":[{"id":139585,"href":"https:\/\/www.blogdotarugao.com.br\/v1\/wp-json\/wp\/v2\/posts\/139578\/revisions\/139585"}],"wp:attachment":[{"href":"https:\/\/www.blogdotarugao.com.br\/v1\/wp-json\/wp\/v2\/media?parent=139578"}],"wp:term":[{"taxonomy":"category","embeddable":true,"href":"https:\/\/www.blogdotarugao.com.br\/v1\/wp-json\/wp\/v2\/categories?post=139578"},{"taxonomy":"post_tag","embeddable":true,"href":"https:\/\/www.blogdotarugao.com.br\/v1\/wp-json\/wp\/v2\/tags?post=139578"}],"curies":[{"name":"wp","href":"https:\/\/api.w.org\/{rel}","templated":true}]}}