{"id":139586,"date":"2021-05-19T07:06:23","date_gmt":"2021-05-19T10:06:23","guid":{"rendered":"http:\/\/www.blogdotarugao.com.br\/v1\/?p=139586"},"modified":"2021-05-19T07:06:23","modified_gmt":"2021-05-19T10:06:23","slug":"prefeitura-de-bh-analisa-presenca-de-torcida-na-final-do-mineiro","status":"publish","type":"post","link":"https:\/\/www.blogdotarugao.com.br\/v1\/2021\/05\/19\/prefeitura-de-bh-analisa-presenca-de-torcida-na-final-do-mineiro\/","title":{"rendered":"PREFEITURA DE BH ANALISA PRESEN\u00c7A DE TORCIDA NA FINAL DO MINEIRO"},"content":{"rendered":"<h3><img loading=\"lazy\" class=\"alignleft\" src=\"https:\/\/img.r7.com\/images\/estadio-mineirao-16052019094119257?dimensions=442x241&amp;&amp;amp;&amp;amp;&amp;amp;&amp;amp;&amp;amp;&amp;amp;resize=442x241&amp;amp;crop=1351x737+0+261&amp;amp;&amp;amp;&amp;amp;&amp;amp;&amp;amp;&amp;amp;resize=442x241&amp;amp;crop=1351x737+0+261\" alt=\"FMF diz que ainda n\u00e3o h\u00e1 previs\u00e3o de mudan\u00e7a\" width=\"581\" height=\"317\" \/><\/h3>\n<h3>A Secretaria Municipal de Sa\u00fade de Belo Horizonte analisa o pedido de autoriza\u00e7\u00e3o para presen\u00e7a de p\u00fablico na final do Campeonato Mineiro, marcada para este s\u00e1bado (22), no est\u00e1dio Mineir\u00e3o, na regi\u00e3o da Pampulha.<\/h3>\n<h3>A prefeitura informou que recebeu o of\u00edcio ontem ter\u00e7a-feira (18). A solicita\u00e7\u00e3o foi enviada na segunda-feira (17) pelo presidente do Am\u00e9rica-MG e tamb\u00e9m deputado estadual, Alencar da Silveira J\u00fanior. O time disputa a ta\u00e7a com o Atl\u00e9tico Mineiro.<\/h3>\n<h3>A proposta do parlamentar \u00e9 que 200 torcedores j\u00e1 vacinados de cada um dos times acompanhem a partida. O pedido tamb\u00e9m foi feito ao Governo de Minas e \u00e0 FMF (Federa\u00e7\u00e3o Mineira de Futebol). A legisla\u00e7\u00e3o municipal e estadual de combate \u00e0 pandemia de covid-19 impede a presen\u00e7a de p\u00fablico nos est\u00e1dios.<\/h3>\n<h3>Procurada, a FMF informou que ainda n\u00e3o h\u00e1 mudan\u00e7a de posicionamento sobre o assunto, assim como informou o Governo Estadual.<\/h3>\n<h3>&#8220;De acordo com as defini\u00e7\u00f5es do Plano Minas Consciente, e tamb\u00e9m conforme reuni\u00f5es realizadas com a Federa\u00e7\u00e3o Mineira de Futebol (FMF), ainda n\u00e3o h\u00e1 previs\u00e3o para o retorno do p\u00fablico aos est\u00e1dios, devido \u00e0 necessidade de obedi\u00eancia aos protocolos sanit\u00e1rios&#8221;, informou a Secretaria Estadual de Sa\u00fade ao destacar que monitora os indicadores da pandemia para tomar as decis\u00f5es.<\/h3>\n<h3>A Prefeitura de Belo Horizonte, que n\u00e3o segue o Minas Consciente e adota protocolo pr\u00f3prio de isolamento, informou que &#8220;a solicita\u00e7\u00e3o est\u00e1 sendo avaliada para encaminhamento de resposta&#8221;.<\/h3>\n<p><span style=\"color: #0000ff;\">AF<\/span><\/p>\n","protected":false},"excerpt":{"rendered":"<p>A Secretaria Municipal de Sa\u00fade de Belo Horizonte analisa o pedido de autoriza\u00e7\u00e3o para presen\u00e7a de p\u00fablico na final do Campeonato Mineiro, marcada para este s\u00e1bado (22), no est\u00e1dio Mineir\u00e3o, na regi\u00e3o da Pampulha. A prefeitura informou que recebeu o of\u00edcio ontem ter\u00e7a-feira (18). A solicita\u00e7\u00e3o foi enviada na segunda-feira (17) pelo presidente do Am\u00e9rica-MG [&hellip;]<\/p>\n","protected":false},"author":2,"featured_media":0,"comment_status":"open","ping_status":"open","sticky":false,"template":"","format":"standard","meta":{"_links_to":"","_links_to_target":""},"categories":[1],"tags":[],"_links":{"self":[{"href":"https:\/\/www.blogdotarugao.com.br\/v1\/wp-json\/wp\/v2\/posts\/139586"}],"collection":[{"href":"https:\/\/www.blogdotarugao.com.br\/v1\/wp-json\/wp\/v2\/posts"}],"about":[{"href":"https:\/\/www.blogdotarugao.com.br\/v1\/wp-json\/wp\/v2\/types\/post"}],"author":[{"embeddable":true,"href":"https:\/\/www.blogdotarugao.com.br\/v1\/wp-json\/wp\/v2\/users\/2"}],"replies":[{"embeddable":true,"href":"https:\/\/www.blogdotarugao.com.br\/v1\/wp-json\/wp\/v2\/comments?post=139586"}],"version-history":[{"count":1,"href":"https:\/\/www.blogdotarugao.com.br\/v1\/wp-json\/wp\/v2\/posts\/139586\/revisions"}],"predecessor-version":[{"id":139587,"href":"https:\/\/www.blogdotarugao.com.br\/v1\/wp-json\/wp\/v2\/posts\/139586\/revisions\/139587"}],"wp:attachment":[{"href":"https:\/\/www.blogdotarugao.com.br\/v1\/wp-json\/wp\/v2\/media?parent=139586"}],"wp:term":[{"taxonomy":"category","embeddable":true,"href":"https:\/\/www.blogdotarugao.com.br\/v1\/wp-json\/wp\/v2\/categories?post=139586"},{"taxonomy":"post_tag","embeddable":true,"href":"https:\/\/www.blogdotarugao.com.br\/v1\/wp-json\/wp\/v2\/tags?post=139586"}],"curies":[{"name":"wp","href":"https:\/\/api.w.org\/{rel}","templated":true}]}}