{"id":139645,"date":"2021-05-20T07:33:32","date_gmt":"2021-05-20T10:33:32","guid":{"rendered":"http:\/\/www.blogdotarugao.com.br\/v1\/?p=139645"},"modified":"2021-05-20T07:33:32","modified_gmt":"2021-05-20T10:33:32","slug":"estacao-de-lauro-de-freitas-recebe-letreiro-com-nome-do-ex-prefeito-herzem-gusmao","status":"publish","type":"post","link":"https:\/\/www.blogdotarugao.com.br\/v1\/2021\/05\/20\/estacao-de-lauro-de-freitas-recebe-letreiro-com-nome-do-ex-prefeito-herzem-gusmao\/","title":{"rendered":"ESTA\u00c7\u00c3O DE LAURO DE FREITAS RECEBE LETREIRO COM NOME DO EX-PREFEITO  HERZEM GUSM\u00c3O"},"content":{"rendered":"<h3><img loading=\"lazy\" class=\"alignleft\" src=\"https:\/\/static.blogdaresenhageral.com.br\/wp-content\/uploads\/2021\/05\/19202026\/estacao-1-680x452-1.jpg\" width=\"585\" height=\"389\" \/><\/h3>\n<h3>A Esta\u00e7\u00e3o Herzem Gusm\u00e3o recebeu, ontem quarta-feira (19), o letreiro com o nome do ex-prefeito, que idealizou e iniciou a constru\u00e7\u00e3o do moderno projeto, que vai proporcionar, al\u00e9m de conforto e seguran\u00e7a aos usu\u00e1rios do transporte coletivo, moderniza\u00e7\u00e3o da \u00e1rea e a fluidez no tr\u00e2nsito.<\/h3>\n<h3>A Esta\u00e7\u00e3o j\u00e1 tem data marcada para ser entregue \u00e0 popula\u00e7\u00e3o pela prefeita Sheila Lemos: 2 de junho, dia em que Herzem estaria completando 73 anos. As equipes est\u00e3o na \u00faltima etapa da obra e seguem afinando os detalhes finais. Nesta quinta-feira, ser\u00e3o instaladas a pe\u00e7a de paisagismo e nos pr\u00f3ximos dias o equipamento vai receber sinaliza\u00e7\u00e3o de tr\u00e2nsito e de orienta\u00e7\u00e3o para os usu\u00e1rios.<\/h3>\n<h3>Com um moderno projeto arquitet\u00f4nico da equipe do arquiteto Jaime Lerner, o antigo Terminal da Avenida Lauro de Freitas ganhou cobertura nos pontos de embarque e desembarque, prote\u00e7\u00e3o lateral, pavimenta\u00e7\u00e3o asf\u00e1ltica, melhoramento na rede de drenagem, cal\u00e7adas com acessibilidade e nova ilumina\u00e7\u00e3o. A obra ser\u00e1 entregue \u00e0 popula\u00e7\u00e3o cinco meses antes do prazo previsto, que era novembro.<\/h3>\n<h3>A Prefeitura investiu R$ 6,6 milh\u00f5es de recursos pr\u00f3prios, obtidos por meio de empr\u00e9stimo, autorizado pela C\u00e2mara de Vereadores, junto \u00e0 Caixa Econ\u00f4mica Federal (Finisa).<\/h3>\n<p><img loading=\"lazy\" class=\"alignleft\" src=\"https:\/\/www.pmvc.ba.gov.br\/wp-content\/uploads\/estacao3-473x315.jpg\" width=\"586\" height=\"390\" \/><\/p>\n<p><span style=\"color: #0000ff;\">AF<\/span><\/p>\n","protected":false},"excerpt":{"rendered":"<p>A Esta\u00e7\u00e3o Herzem Gusm\u00e3o recebeu, ontem quarta-feira (19), o letreiro com o nome do ex-prefeito, que idealizou e iniciou a constru\u00e7\u00e3o do moderno projeto, que vai proporcionar, al\u00e9m de conforto e seguran\u00e7a aos usu\u00e1rios do transporte coletivo, moderniza\u00e7\u00e3o da \u00e1rea e a fluidez no tr\u00e2nsito. A Esta\u00e7\u00e3o j\u00e1 tem data marcada para ser entregue \u00e0 [&hellip;]<\/p>\n","protected":false},"author":2,"featured_media":0,"comment_status":"open","ping_status":"open","sticky":false,"template":"","format":"standard","meta":{"_links_to":"","_links_to_target":""},"categories":[1],"tags":[],"_links":{"self":[{"href":"https:\/\/www.blogdotarugao.com.br\/v1\/wp-json\/wp\/v2\/posts\/139645"}],"collection":[{"href":"https:\/\/www.blogdotarugao.com.br\/v1\/wp-json\/wp\/v2\/posts"}],"about":[{"href":"https:\/\/www.blogdotarugao.com.br\/v1\/wp-json\/wp\/v2\/types\/post"}],"author":[{"embeddable":true,"href":"https:\/\/www.blogdotarugao.com.br\/v1\/wp-json\/wp\/v2\/users\/2"}],"replies":[{"embeddable":true,"href":"https:\/\/www.blogdotarugao.com.br\/v1\/wp-json\/wp\/v2\/comments?post=139645"}],"version-history":[{"count":1,"href":"https:\/\/www.blogdotarugao.com.br\/v1\/wp-json\/wp\/v2\/posts\/139645\/revisions"}],"predecessor-version":[{"id":139646,"href":"https:\/\/www.blogdotarugao.com.br\/v1\/wp-json\/wp\/v2\/posts\/139645\/revisions\/139646"}],"wp:attachment":[{"href":"https:\/\/www.blogdotarugao.com.br\/v1\/wp-json\/wp\/v2\/media?parent=139645"}],"wp:term":[{"taxonomy":"category","embeddable":true,"href":"https:\/\/www.blogdotarugao.com.br\/v1\/wp-json\/wp\/v2\/categories?post=139645"},{"taxonomy":"post_tag","embeddable":true,"href":"https:\/\/www.blogdotarugao.com.br\/v1\/wp-json\/wp\/v2\/tags?post=139645"}],"curies":[{"name":"wp","href":"https:\/\/api.w.org\/{rel}","templated":true}]}}