{"id":139704,"date":"2021-05-23T10:55:59","date_gmt":"2021-05-23T13:55:59","guid":{"rendered":"http:\/\/www.blogdotarugao.com.br\/v1\/?p=139704"},"modified":"2021-05-23T10:55:59","modified_gmt":"2021-05-23T13:55:59","slug":"itapetinga-rede-municipal-inicia-mais-um-ano-letivo-nesta-segunda-feira","status":"publish","type":"post","link":"https:\/\/www.blogdotarugao.com.br\/v1\/2021\/05\/23\/itapetinga-rede-municipal-inicia-mais-um-ano-letivo-nesta-segunda-feira\/","title":{"rendered":"ITAPETINGA: REDE MUNICIPAL INICIA MAIS UM ANO LETIVO NESTA SEGUNDA-FEIRA"},"content":{"rendered":"<h3><img loading=\"lazy\" class=\"wp-image-139705 alignleft\" src=\"http:\/\/www.blogdotarugao.com.br\/v1\/wp-content\/uploads\/2021\/05\/A1-67.jpg\" alt=\"\" width=\"584\" height=\"374\" \/>A prefeitura de Itapetinga inicia mais um ano letivo nesta segunda-feira, 24. Com plataforma de aulas especializada, professores capacitados e alunos j\u00e1 entrosados com a nova ferramenta, a rede municipal de ensino segue para o ano letivo de 2021 ainda com aulas remotas,<\/h3>\n<h3><em>\u201cCom a certeza de que d\u00e1 para se fazer uma cidade educadora com ensino de qualidade, oferecendo toda a estrutura para a constru\u00e7\u00e3o do futuro que queremos para os nossos jovens\u201d<\/em>, disse o Secret\u00e1rio de Educa\u00e7\u00e3o, Geraldo Trindade.<\/h3>\n<h3><span style=\"color: #0000ff;\"><a style=\"color: #0000ff;\" href=\"https:\/\/www.facebook.com\/hashtag\/prefeituradeitapetinga?__eep__=6&amp;__cft__%5b0%5d=AZXUUKVynyYxrZ_A40d-2cKGcRzgza6xZPKm8R35XgXX899_1B8FwFraWDtCUWZsjvVQjZ2PM9946aXJD03179-Rzrr6WHx66IgQOcw8fwwUQxkaOrWEFUFL6oua5ufL-9FwgTePd5XzFh_KSzMzJS1otZGj6VRzXyp65PBpB_3DLcwkJh2vrhsKSDqTRNrNPJw&amp;__tn__=*NK-R\"><span style=\"color: #000080;\">#<\/span>PrefeituradeItapetinga<\/a><\/span><\/h3>\n<h3><span style=\"color: #0000ff;\"><a style=\"color: #0000ff;\" href=\"https:\/\/www.facebook.com\/hashtag\/terradedesenvolvimento?__eep__=6&amp;__cft__%5b0%5d=AZXUUKVynyYxrZ_A40d-2cKGcRzgza6xZPKm8R35XgXX899_1B8FwFraWDtCUWZsjvVQjZ2PM9946aXJD03179-Rzrr6WHx66IgQOcw8fwwUQxkaOrWEFUFL6oua5ufL-9FwgTePd5XzFh_KSzMzJS1otZGj6VRzXyp65PBpB_3DLcwkJh2vrhsKSDqTRNrNPJw&amp;__tn__=*NK-R\"><span style=\"color: #000080;\">#<\/span>TerradeDesenvolvimento<\/a><\/span><\/h3>\n<h3><span style=\"color: #0000ff;\"><a style=\"color: #0000ff;\" href=\"https:\/\/www.facebook.com\/hashtag\/itapetinga?__eep__=6&amp;__cft__%5b0%5d=AZXUUKVynyYxrZ_A40d-2cKGcRzgza6xZPKm8R35XgXX899_1B8FwFraWDtCUWZsjvVQjZ2PM9946aXJD03179-Rzrr6WHx66IgQOcw8fwwUQxkaOrWEFUFL6oua5ufL-9FwgTePd5XzFh_KSzMzJS1otZGj6VRzXyp65PBpB_3DLcwkJh2vrhsKSDqTRNrNPJw&amp;__tn__=*NK-R\"><span style=\"color: #000080;\">#<\/span>Itapetinga<\/a>\u00a0<a style=\"color: #0000ff;\" href=\"https:\/\/www.facebook.com\/hashtag\/bahia?__eep__=6&amp;__cft__%5b0%5d=AZXUUKVynyYxrZ_A40d-2cKGcRzgza6xZPKm8R35XgXX899_1B8FwFraWDtCUWZsjvVQjZ2PM9946aXJD03179-Rzrr6WHx66IgQOcw8fwwUQxkaOrWEFUFL6oua5ufL-9FwgTePd5XzFh_KSzMzJS1otZGj6VRzXyp65PBpB_3DLcwkJh2vrhsKSDqTRNrNPJw&amp;__tn__=*NK-R\">#Bahia<\/a>\u00a0<a style=\"color: #0000ff;\" href=\"https:\/\/www.facebook.com\/hashtag\/brasil?__eep__=6&amp;__cft__%5b0%5d=AZXUUKVynyYxrZ_A40d-2cKGcRzgza6xZPKm8R35XgXX899_1B8FwFraWDtCUWZsjvVQjZ2PM9946aXJD03179-Rzrr6WHx66IgQOcw8fwwUQxkaOrWEFUFL6oua5ufL-9FwgTePd5XzFh_KSzMzJS1otZGj6VRzXyp65PBpB_3DLcwkJh2vrhsKSDqTRNrNPJw&amp;__tn__=*NK-R\">#Brasil<\/a><\/span><\/h3>\n","protected":false},"excerpt":{"rendered":"<p>A prefeitura de Itapetinga inicia mais um ano letivo nesta segunda-feira, 24. Com plataforma de aulas especializada, professores capacitados e alunos j\u00e1 entrosados com a nova ferramenta, a rede municipal de ensino segue para o ano letivo de 2021 ainda com aulas remotas, \u201cCom a certeza de que d\u00e1 para se fazer uma cidade educadora [&hellip;]<\/p>\n","protected":false},"author":2,"featured_media":0,"comment_status":"open","ping_status":"open","sticky":false,"template":"","format":"standard","meta":{"_links_to":"","_links_to_target":""},"categories":[1],"tags":[],"_links":{"self":[{"href":"https:\/\/www.blogdotarugao.com.br\/v1\/wp-json\/wp\/v2\/posts\/139704"}],"collection":[{"href":"https:\/\/www.blogdotarugao.com.br\/v1\/wp-json\/wp\/v2\/posts"}],"about":[{"href":"https:\/\/www.blogdotarugao.com.br\/v1\/wp-json\/wp\/v2\/types\/post"}],"author":[{"embeddable":true,"href":"https:\/\/www.blogdotarugao.com.br\/v1\/wp-json\/wp\/v2\/users\/2"}],"replies":[{"embeddable":true,"href":"https:\/\/www.blogdotarugao.com.br\/v1\/wp-json\/wp\/v2\/comments?post=139704"}],"version-history":[{"count":1,"href":"https:\/\/www.blogdotarugao.com.br\/v1\/wp-json\/wp\/v2\/posts\/139704\/revisions"}],"predecessor-version":[{"id":139706,"href":"https:\/\/www.blogdotarugao.com.br\/v1\/wp-json\/wp\/v2\/posts\/139704\/revisions\/139706"}],"wp:attachment":[{"href":"https:\/\/www.blogdotarugao.com.br\/v1\/wp-json\/wp\/v2\/media?parent=139704"}],"wp:term":[{"taxonomy":"category","embeddable":true,"href":"https:\/\/www.blogdotarugao.com.br\/v1\/wp-json\/wp\/v2\/categories?post=139704"},{"taxonomy":"post_tag","embeddable":true,"href":"https:\/\/www.blogdotarugao.com.br\/v1\/wp-json\/wp\/v2\/tags?post=139704"}],"curies":[{"name":"wp","href":"https:\/\/api.w.org\/{rel}","templated":true}]}}