{"id":13971,"date":"2014-08-01T14:23:34","date_gmt":"2014-08-01T17:23:34","guid":{"rendered":"http:\/\/www.blogdotarugao.com.br\/v1\/?p=13971"},"modified":"2014-08-01T14:26:42","modified_gmt":"2014-08-01T17:26:42","slug":"instagram-e-facebook-ficam-fora-do-ar-nesta-sexta-1","status":"publish","type":"post","link":"https:\/\/www.blogdotarugao.com.br\/v1\/2014\/08\/01\/instagram-e-facebook-ficam-fora-do-ar-nesta-sexta-1\/","title":{"rendered":"Instagram e Facebook ficam fora do ar nesta sexta (1)"},"content":{"rendered":"<p>Instagram permaneceu dez minutos fora do ar. O Facebook permaneceu sem funcionar<\/p>\n<p><img alt=\"Telas abertas no Facebook\" src=\"http:\/\/exame0.abrilm.com.br\/assets\/images\/2011\/3\/26639\/size_590_Um_total_de_51_dos_cidad%C3%A3os_americanos_com_idade_superior_a_12_anos_t%C3%AAm_um_perfil_no_Facebook.jpg\" \/><\/p>\n<div>\n<p>O\u00a0Facebook e o Instagram ficaram fora do ar por volta das 13h desta sexta-feira (1)\u00a0para usu\u00e1rios das vers\u00f5es web e tamb\u00e9m\u00a0nos aplicativos de Android e iPhone.<\/p>\n<p><img alt=\"Tela de erro no Facebook em 01\/08\/2014\" src=\"http:\/\/exame2.abrilm.com.br\/assets\/images\/2014\/8\/504660\/size_590_FB.jpg?1406910642\" \/><\/p>\n<\/div>\n<div>\n<p>Segundo a Folha de S.Paulo, o Instagram permaneceu\u00a0dez minutos fora do ar. O\u00a0Facebook permaneceu sem funcionar.<\/p>\n<\/div>\n<div>\n<p>&#8220;Desculpe-nos, algo deu errado. Estamos trabalhando para consertar isso assim que poss\u00edvel&#8221;, escreveu a empresa na\u00a0p\u00e1gina de erro na vers\u00e3o para navegadores.<\/p>\n<\/div>\n<div>\n<p>O alerta de erro para os aplicativos\u00a0\u00e9 &#8220;erro ao carregar o feed de not\u00edcias&#8221;. Os bot\u00f5es Curtir, Compartilhar\u00a0e Recomendar, incorporados a sites na web, tamb\u00e9m apresentaram problemas para compartilhar o conte\u00fado direto na timeline.<\/p>\n<\/div>\n","protected":false},"excerpt":{"rendered":"<p>Instagram permaneceu dez minutos fora do ar. O Facebook permaneceu sem funcionar O\u00a0Facebook e o Instagram ficaram fora do ar por volta das 13h desta sexta-feira (1)\u00a0para usu\u00e1rios das vers\u00f5es web e tamb\u00e9m\u00a0nos aplicativos de Android e iPhone. Segundo a Folha de S.Paulo, o Instagram permaneceu\u00a0dez minutos fora do ar. O\u00a0Facebook permaneceu sem funcionar. &#8220;Desculpe-nos, [&hellip;]<\/p>\n","protected":false},"author":2,"featured_media":0,"comment_status":"open","ping_status":"open","sticky":false,"template":"","format":"standard","meta":{"_links_to":"","_links_to_target":""},"categories":[1,32,22],"tags":[],"_links":{"self":[{"href":"https:\/\/www.blogdotarugao.com.br\/v1\/wp-json\/wp\/v2\/posts\/13971"}],"collection":[{"href":"https:\/\/www.blogdotarugao.com.br\/v1\/wp-json\/wp\/v2\/posts"}],"about":[{"href":"https:\/\/www.blogdotarugao.com.br\/v1\/wp-json\/wp\/v2\/types\/post"}],"author":[{"embeddable":true,"href":"https:\/\/www.blogdotarugao.com.br\/v1\/wp-json\/wp\/v2\/users\/2"}],"replies":[{"embeddable":true,"href":"https:\/\/www.blogdotarugao.com.br\/v1\/wp-json\/wp\/v2\/comments?post=13971"}],"version-history":[{"count":3,"href":"https:\/\/www.blogdotarugao.com.br\/v1\/wp-json\/wp\/v2\/posts\/13971\/revisions"}],"predecessor-version":[{"id":13974,"href":"https:\/\/www.blogdotarugao.com.br\/v1\/wp-json\/wp\/v2\/posts\/13971\/revisions\/13974"}],"wp:attachment":[{"href":"https:\/\/www.blogdotarugao.com.br\/v1\/wp-json\/wp\/v2\/media?parent=13971"}],"wp:term":[{"taxonomy":"category","embeddable":true,"href":"https:\/\/www.blogdotarugao.com.br\/v1\/wp-json\/wp\/v2\/categories?post=13971"},{"taxonomy":"post_tag","embeddable":true,"href":"https:\/\/www.blogdotarugao.com.br\/v1\/wp-json\/wp\/v2\/tags?post=13971"}],"curies":[{"name":"wp","href":"https:\/\/api.w.org\/{rel}","templated":true}]}}