{"id":139710,"date":"2021-05-23T18:48:21","date_gmt":"2021-05-23T21:48:21","guid":{"rendered":"http:\/\/www.blogdotarugao.com.br\/v1\/?p=139710"},"modified":"2021-05-23T18:48:21","modified_gmt":"2021-05-23T21:48:21","slug":"morte-de-mc-kevin-foi-acidental-e-sem-acao-violenta-diz-pericia","status":"publish","type":"post","link":"https:\/\/www.blogdotarugao.com.br\/v1\/2021\/05\/23\/morte-de-mc-kevin-foi-acidental-e-sem-acao-violenta-diz-pericia\/","title":{"rendered":"MORTE DE MC KEVIN FOI ACIDENTAL E SEM A\u00c7\u00c3O VIOLENTA, DIZ PER\u00cdCIA"},"content":{"rendered":"<h3 class=\"toolkit-subtitle mt-5\"><img loading=\"lazy\" class=\"wp-image-139711 alignleft\" src=\"http:\/\/www.blogdotarugao.com.br\/v1\/wp-content\/uploads\/2021\/05\/A1-69.jpg\" alt=\"\" width=\"585\" height=\"318\" \/>Segundo\u00a0perito Luiz Alberto Moreira Coelho, n\u00e3o houve ind\u00edcios de brigas no momento em que cantor caiu da varanda de hotel no Rio<\/h3>\n<h3>O laudo da per\u00edcia do ICCE (Instituto de Criminal\u00edstica Carlos \u00c9boli), da Pol\u00edcia Civil do Rio de Janeiro, concluiu que a causa aparente da\u00a0<a href=\"https:\/\/noticias.r7.com\/rio-de-janeiro\/mc-kevin-morre-apos-cair-do-5-andar-de-hotel-no-rj-17052021\" target=\"_blank\" rel=\"noopener noreferrer\"><strong>morte do cantor MC Kevin<\/strong><\/a>, no domingo (16) passado, foi acidental.<\/h3>\n<div class=\"toolkit-card-primary__body\">\n<p>&nbsp;<\/p>\n<\/div>\n<h3>O perito Luiz Alberto Moreira Coelho, que assina o documento, afirmou tamb\u00e9m n\u00e3o houve ind\u00edcios de brigas ou a\u00e7\u00f5es violentas no \u00f3bito de Kevin.<\/h3>\n<h3>O artista morreu ap\u00f3s cair da sacada do quinto andar de um hotel na Barra da Tijuca, zona oeste do Rio, na noite de 16 de maio. Segundo o Corpo de Bombeiros, o MC foi levado em estado grave ao Hospital Municipal Miguel Couto, onde faleceu.<\/h3>\n<h3>Quatro dias depois, o\u00a0<a href=\"https:\/\/noticias.r7.com\/rio-de-janeiro\/mc-kevin-teve-aneurisma-e-traumatismo-craniano-diz-laudo-20052021\" target=\"_blank\" rel=\"noopener noreferrer\"><strong>laudo da per\u00edcia no corpo do cantor<\/strong><\/a>\u00a0foi divulgado e apontou que ele havia sofrido fraturas no nariz, no maxilar e na mand\u00edbula. As causas da morte foram a ruptura de um\u00a0aneurisma e traumatismo craniano.<\/h3>\n<h3>Segundo relatou a vi\u00fava Deolane Bezerra, o jovem teria usado drogas sint\u00e9ticas no dia em que faleceu. Ap\u00f3s o\u00a0<a href=\"https:\/\/noticias.r7.com\/rio-de-janeiro\/esposa-diz-que-estava-em-outro-quarto-quando-mc-kevin-caiu-19052021\" target=\"_blank\" rel=\"noopener noreferrer\"><strong>depoimento da esposa<\/strong><\/a>\u00a0e de amigos de Kevin, a Pol\u00edcia Civil aguarda o resultado do exame toxicol\u00f3gico para comparar o efeito de entorpecentes usados pelo cantor.<\/h3>\n<h3><iframe id=\"iframe-playlist\" src=\"https:\/\/noticias.r7.com\/embeds\/playlist\/60a72b594b4955a8d20000e0?child_section=rio-de-janeiro&amp;section_name=noticias\" frameborder=\"0\" sandbox=\"allow-same-origin allow-scripts allow-popups allow-popups-to-escape-sandbox\" data-mce-fragment=\"1\"><\/iframe><\/h3>\n","protected":false},"excerpt":{"rendered":"<p>Segundo\u00a0perito Luiz Alberto Moreira Coelho, n\u00e3o houve ind\u00edcios de brigas no momento em que cantor caiu da varanda de hotel no Rio O laudo da per\u00edcia do ICCE (Instituto de Criminal\u00edstica Carlos \u00c9boli), da Pol\u00edcia Civil do Rio de Janeiro, concluiu que a causa aparente da\u00a0morte do cantor MC Kevin, no domingo (16) passado, foi [&hellip;]<\/p>\n","protected":false},"author":2,"featured_media":0,"comment_status":"open","ping_status":"open","sticky":false,"template":"","format":"standard","meta":{"_links_to":"","_links_to_target":""},"categories":[1],"tags":[],"_links":{"self":[{"href":"https:\/\/www.blogdotarugao.com.br\/v1\/wp-json\/wp\/v2\/posts\/139710"}],"collection":[{"href":"https:\/\/www.blogdotarugao.com.br\/v1\/wp-json\/wp\/v2\/posts"}],"about":[{"href":"https:\/\/www.blogdotarugao.com.br\/v1\/wp-json\/wp\/v2\/types\/post"}],"author":[{"embeddable":true,"href":"https:\/\/www.blogdotarugao.com.br\/v1\/wp-json\/wp\/v2\/users\/2"}],"replies":[{"embeddable":true,"href":"https:\/\/www.blogdotarugao.com.br\/v1\/wp-json\/wp\/v2\/comments?post=139710"}],"version-history":[{"count":1,"href":"https:\/\/www.blogdotarugao.com.br\/v1\/wp-json\/wp\/v2\/posts\/139710\/revisions"}],"predecessor-version":[{"id":139712,"href":"https:\/\/www.blogdotarugao.com.br\/v1\/wp-json\/wp\/v2\/posts\/139710\/revisions\/139712"}],"wp:attachment":[{"href":"https:\/\/www.blogdotarugao.com.br\/v1\/wp-json\/wp\/v2\/media?parent=139710"}],"wp:term":[{"taxonomy":"category","embeddable":true,"href":"https:\/\/www.blogdotarugao.com.br\/v1\/wp-json\/wp\/v2\/categories?post=139710"},{"taxonomy":"post_tag","embeddable":true,"href":"https:\/\/www.blogdotarugao.com.br\/v1\/wp-json\/wp\/v2\/tags?post=139710"}],"curies":[{"name":"wp","href":"https:\/\/api.w.org\/{rel}","templated":true}]}}