{"id":139793,"date":"2021-05-26T17:50:27","date_gmt":"2021-05-26T20:50:27","guid":{"rendered":"http:\/\/www.blogdotarugao.com.br\/v1\/?p=139793"},"modified":"2021-05-26T17:50:27","modified_gmt":"2021-05-26T20:50:27","slug":"cpi-da-covid-convoca-wilson-witzel-e-nove-governadores-atuais","status":"publish","type":"post","link":"https:\/\/www.blogdotarugao.com.br\/v1\/2021\/05\/26\/cpi-da-covid-convoca-wilson-witzel-e-nove-governadores-atuais\/","title":{"rendered":"CPI DA COVID CONVOCA WILSON WITZEL E NOVE GOVERNADORES ATUAIS"},"content":{"rendered":"<h3><img loading=\"lazy\" class=\"alignleft\" src=\"https:\/\/img.r7.com\/images\/agencia-senado-cpi-pandemia-comissao-parlamentar-mista-de-inquerito-da-pandemia-cpi-1500-25052021115425157?dimensions=442x241\" alt=\"Aziz pediu respeito entre os senadores mais de uma vez\" width=\"585\" height=\"319\" \/><\/h3>\n<h3>A CPI da Covid determinou a convoca\u00e7\u00e3o de nove governadores e um ex-governador, do Rio, para prestarem depoimentos nas pr\u00f3ximas sess\u00f5es da comiss\u00e3o.<\/h3>\n<h3>Entre os convocados est\u00e3o os governadores Wilson Lima (PSC), do Amazonas; Helder Barbalho (MDB), do Par\u00e1; Ibaneis Rocha (MDB), do Distrito Federal; Mauro Carlesse (PSL), de Tocantins; Carlos Mois\u00e9s (PSL), de Santa Catarina, Ant\u00f4nio Oliveira Garcia de Almeida (PSL), de Roraima; Waldez G\u00f3es (PDT), do Amap\u00e1; Marcos Jos\u00e9 Rocha (PSL), de Rond\u00f4nia; e Wellington Dias (PT), do Piau\u00ed.<\/h3>\n<h3>Foi convocado ainda o ex-governador do Rio, Wilson Witzel, aprovado.<\/h3>\n<h3>O atual ministro da Sa\u00fade, Marcelo Queiroga, e do ex-titular da pasta Eduardo Pazuello tamb\u00e9m voltar\u00e3o \u00e0 CPI, definiram os senadores.<\/h3>\n<h3>Por acordo na reuni\u00e3o secreta entre os integrantes da comiss\u00e3o, ficou estabelecido que os prefeitos das capitais n\u00e3o ser\u00e3o convocados agora.<\/h3>\n<h3>Na longa lista de convocados est\u00e3o tamb\u00e9m Arthur Weintraub, ex-assessor especial da Presid\u00eancia da Rep\u00fablica, o empres\u00e1rio Carlos Wizard, Paulo Bara\u00fana, diretor da companhia White Martins (empresa ligada \u00e0 falta de oxig\u00eanio em Manaus).<\/h3>\n<h3>Ficaram marcadas tamb\u00e9m duas sess\u00f5es para colocar em discuss\u00e3o o tratamento precoce da covid-19, uma com quatro defensores de rem\u00e9dios como a cloroquina e a hidroxicloroquina para pacientes que est\u00e3o com os primeiros sintomas da doen\u00e7a e outra com quatro m\u00e9dicos contr\u00e1rios a esses procedimentos.<\/h3>\n<p><span style=\"color: #0000ff;\">AF<\/span><\/p>\n","protected":false},"excerpt":{"rendered":"<p>A CPI da Covid determinou a convoca\u00e7\u00e3o de nove governadores e um ex-governador, do Rio, para prestarem depoimentos nas pr\u00f3ximas sess\u00f5es da comiss\u00e3o. Entre os convocados est\u00e3o os governadores Wilson Lima (PSC), do Amazonas; Helder Barbalho (MDB), do Par\u00e1; Ibaneis Rocha (MDB), do Distrito Federal; Mauro Carlesse (PSL), de Tocantins; Carlos Mois\u00e9s (PSL), de Santa [&hellip;]<\/p>\n","protected":false},"author":2,"featured_media":0,"comment_status":"open","ping_status":"open","sticky":false,"template":"","format":"standard","meta":{"_links_to":"","_links_to_target":""},"categories":[1],"tags":[],"_links":{"self":[{"href":"https:\/\/www.blogdotarugao.com.br\/v1\/wp-json\/wp\/v2\/posts\/139793"}],"collection":[{"href":"https:\/\/www.blogdotarugao.com.br\/v1\/wp-json\/wp\/v2\/posts"}],"about":[{"href":"https:\/\/www.blogdotarugao.com.br\/v1\/wp-json\/wp\/v2\/types\/post"}],"author":[{"embeddable":true,"href":"https:\/\/www.blogdotarugao.com.br\/v1\/wp-json\/wp\/v2\/users\/2"}],"replies":[{"embeddable":true,"href":"https:\/\/www.blogdotarugao.com.br\/v1\/wp-json\/wp\/v2\/comments?post=139793"}],"version-history":[{"count":1,"href":"https:\/\/www.blogdotarugao.com.br\/v1\/wp-json\/wp\/v2\/posts\/139793\/revisions"}],"predecessor-version":[{"id":139794,"href":"https:\/\/www.blogdotarugao.com.br\/v1\/wp-json\/wp\/v2\/posts\/139793\/revisions\/139794"}],"wp:attachment":[{"href":"https:\/\/www.blogdotarugao.com.br\/v1\/wp-json\/wp\/v2\/media?parent=139793"}],"wp:term":[{"taxonomy":"category","embeddable":true,"href":"https:\/\/www.blogdotarugao.com.br\/v1\/wp-json\/wp\/v2\/categories?post=139793"},{"taxonomy":"post_tag","embeddable":true,"href":"https:\/\/www.blogdotarugao.com.br\/v1\/wp-json\/wp\/v2\/tags?post=139793"}],"curies":[{"name":"wp","href":"https:\/\/api.w.org\/{rel}","templated":true}]}}