{"id":13995,"date":"2014-08-02T08:47:27","date_gmt":"2014-08-02T11:47:27","guid":{"rendered":"http:\/\/www.blogdotarugao.com.br\/v1\/?p=13995"},"modified":"2014-08-02T08:47:27","modified_gmt":"2014-08-02T11:47:27","slug":"reportagem-da-semana-pobreza-extrema-ainda-desafia-o-governo-de-itapetinga","status":"publish","type":"post","link":"https:\/\/www.blogdotarugao.com.br\/v1\/2014\/08\/02\/reportagem-da-semana-pobreza-extrema-ainda-desafia-o-governo-de-itapetinga\/","title":{"rendered":"Reportagem da semana: Pobreza extrema ainda desafia o governo de Itapetinga"},"content":{"rendered":"<p>A poucos metros do cora\u00e7\u00e3o de uma das cidades mais ricas do pa\u00eds e bonitas da Bahia fam\u00edlias vivem uma realidade fora do comum, amargam a pobreza e junto com ela o descaso do governo municipal.\u00a0<a href=\"http:\/\/tribunadeitapetinga.com.br\/media\/2014\/08\/9.jpg\" class=\"gallery_colorbox\"><img loading=\"lazy\" alt=\"9\" src=\"http:\/\/tribunadeitapetinga.com.br\/media\/2014\/08\/9-400x300.jpg\"  width=\"400\" height=\"300\" \/><\/a><br \/>\nEm meio ao mar de investimentos prometidos pelo prefeito, o Tribuna encontrou fam\u00edlias vivendo em uma ilha de pobreza, em situa\u00e7\u00e3o de risco com uma renda per capita inferior a R$ 70,00.<br \/>\n\u00c0 margem dos holofotes e dos or\u00e7amentos generosos, especialmente destacados em per\u00edodos eleitorais, o itapetinguense VILMAR FERNANDES RODRIGUES, sonha com uma moradia digna atrav\u00e9s das iniciativas p\u00fablica e privada. Acredita que nossos governantes possa ajud\u00e1-lo a sair do buraco. Um buraco no qual, a despeito dos avan\u00e7os decorrentes dos programas de distribui\u00e7\u00e3o de casas do Governo ainda est\u00e3o longe de se realizar. O drama de algumas fam\u00edlias mostrado com exclusividade pelo Tribuna, abre d\u00favidas sobre as propostas do governo municipal, estadual e federal que d\u00e3o fei\u00e7\u00f5es a esses n\u00fameros insistentes, alheios \u00e0s ambi\u00e7\u00f5es e aos discursos de sexta economia do mundo.<br \/>\nDesempregado, vivendo de bicos o Sr VILMAR, pai de dois filhos, homem direito e trabalhador, vive em \u00e1rea de risco \u00e0s margens do Rio Catol\u00e9, em um barraco que lhe oferece uma estadia desumana, dependendo quase sempre de vizinhos e amigos para comer. No pequeno barraco de ripa, ele sabe dos riscos que corre, na emin\u00eancia de cair, mas sem op\u00e7\u00e3o, ele sobrevive sem a aten\u00e7\u00e3o da Defesa Civil do munic\u00edpio. O estado de pobreza \u00e9 t\u00e3o grande, que ele teme ser levado para um local distante e diz que n\u00e3o ter como pagar a mensalidade do programa Minha Casa Minha Vida do governo federal, no qual tentou se inscrever, mas n\u00e3o obteve sucesso.<a href=\"http:\/\/tribunadeitapetinga.com.br\/media\/2014\/08\/8.jpg\" class=\"gallery_colorbox\"><img loading=\"lazy\" alt=\"8\" src=\"http:\/\/tribunadeitapetinga.com.br\/media\/2014\/08\/8-400x300.jpg\"  width=\"400\" height=\"300\" \/><\/a>\u201cJ\u00e1 tentei me inscrever para o Minha Casa Minha Vida, mas n\u00e3o sei se consigo pagar\u201d. Queria que dessem um jeito na minha casa. Minha vida \u00e9 aqui \u2013 aflige-se Vilmar, que mora h\u00e1 mais de 05 anos no local. Diante das imagens que estamos mostrando, fica evidente que ele e outras fam\u00edlias que vivem no mesmo lugar e nas mesmas condi\u00e7\u00f5es, precisam da ajuda de vizinhos, da Secretaria de Desenvolvimento Social e da Prefeitura.<\/p>\n<p>O Sr Vilmar, como milh\u00f5es de brasileiros em apertos semelhantes, argumenta \u201ctenho muito medo\u201d, o sufoco \u00e9 sugerido pelo barraco remendado, sem ilumina\u00e7\u00e3o e pouco arejado. A ventila\u00e7\u00e3o passa apenas por um pequeno basculante ou pela \u00fanica porta da resid\u00eancia, na qual nem mesmo os pol\u00edticos colam cartazes pedindo votos. A falta de circula\u00e7\u00e3o do ar faz proliferar o mofo sobre as paredes \u00famidas de infiltra\u00e7\u00e3o. Na despensa a comida teima em acabar antes da hora.<br \/>\nNotamos uma imagem que mostra no cantinho, que o fogo a lenha tem tempos que foi aceso. Falta muito para acabar o m\u00eas e s\u00f3 tem um pouco de arroz, feij\u00e3o e fub\u00e1. \u00c0s vezes falta o p\u00e3o e leite.<\/p>\n<p><a href=\"http:\/\/tribunadeitapetinga.com.br\/media\/2014\/08\/6.jpg\" class=\"gallery_colorbox\"><img loading=\"lazy\" alt=\"6\" src=\"http:\/\/tribunadeitapetinga.com.br\/media\/2014\/08\/6-400x300.jpg\"  width=\"400\" height=\"300\" \/><\/a><\/p>\n<p><strong>Cad\u00ea a Prefeitura?<\/strong><br \/>\nAl\u00e9m de Vilmar, outras fam\u00edlias tamb\u00e9m vivem nas mesmas condi\u00e7\u00f5es desumanas na localidade, caso fosse perto da Rodovi\u00e1ria, o secret\u00e1rio de Meio Ambiente, j\u00e1 teria mandado demolir os barracos, como j\u00e1 fez em \u00e9pocas passadas, mas como eles vivem longe do olhar da sociedade, s\u00e3o deixados pela administra\u00e7\u00e3o para morrerem de fome e frio.<a href=\"http:\/\/tribunadeitapetinga.com.br\/media\/2014\/08\/3.jpg\" class=\"gallery_colorbox\"><img loading=\"lazy\" alt=\"3\" src=\"http:\/\/tribunadeitapetinga.com.br\/media\/2014\/08\/3-400x300.jpg\"  width=\"400\" height=\"300\" \/><\/a><\/p>\n<p><strong>A avalia\u00e7\u00e3o da pobreza extrema<\/strong><\/p>\n<p>Para determinar quem vive ou n\u00e3o em pobreza extrema, h\u00e1 crit\u00e9rios al\u00e9m da renda. A condi\u00e7\u00e3o da moradia, a quantidade de c\u00f4modos, a escolaridade e o v\u00ednculo de trabalho formal ou informal tamb\u00e9m contam. \u00c9 o chamado \u00edndice de vulnerabilidade, do qual Vilmar n\u00e3o escapa em nenhum aspecto.<\/p>\n<p>Como n\u00e3o concluiu o ensino fundamental, as op\u00e7\u00f5es no mercado tornam-se limitadas. Entre os bicos e os cuidados com o lar, confessa que seu maior medo \u00e9 \u201cadoecer e n\u00e3o poder fazer seus bicos\u201d.<\/p>\n<p>\u201cTudo o que espero \u00e9 que meus filhos n\u00e3o descambem para o lado errado. Estou tentando criar na honestidade. Mas vou te falar, a vida t\u00e1 muito dura\u201d falou outra moradora.<\/p>\n<figure id=\"attachment_7727\"><a href=\"http:\/\/tribunadeitapetinga.com.br\/media\/2014\/08\/2.jpg\" class=\"gallery_colorbox\"><img loading=\"lazy\" alt=\"2\" src=\"http:\/\/tribunadeitapetinga.com.br\/media\/2014\/08\/2-400x300.jpg\"  width=\"400\" height=\"300\" \/><\/a><figcaption>Mulher usa travesseiro para tentar salvar televis\u00e3o das goteiras<\/figcaption><\/figure>\n<p><strong>\u00c2nimo para brigar com a pobreza<\/strong><\/p>\n<p>Diante da dureza, Vilmar precisa buscar motivos diariamente para levantar da cama. Nesta manh\u00e3 de sexta-feira, por volta das 10h, a equipe do Tribuna batia \u00e0 porta de Vilmar e outros moradores. O pouco sol que ardia l\u00e1 fora n\u00e3o penetrava no pequeno barraco, mesmo em circunstanciadas dolorosas e de abandono, encontramos pessoas que buscam for\u00e7as para encarar o dia. Para eles, o grande desafio \u00e9 recuperar a esperan\u00e7a que escorre pela falta de comida e de perspectiva.<\/p>\n<p>Quando se chega numa determinada situa\u00e7\u00e3o de pobreza, no fundo do po\u00e7o da mis\u00e9ria, as pessoas ficam com pouco \u00e2nimo e coragem para reagir. Levantar da cama \u00e9 dif\u00edcil. Ouvi de pessoas nesta situa\u00e7\u00e3o que est\u00e3o felizes, acaba sendo uma grande motiva\u00e7\u00e3o para muitos grandiosos na sociedade. Infelizmente, muitos pol\u00edticos itapetinguenses, outros que passam por aqui, n\u00e3o encheram essa massa da sociedade, mesmo o prefeito Jos\u00e9 Carlos Moura (PT) e sua administra\u00e7\u00e3o, parece n\u00e3o saber que as margens do Rio Catol\u00e9, existem seres humanos carentes de ajuda. Fam\u00edlias com seus dramas, que deveriam ser beneficiadas com uma \u201ccasa do governo federal\u201d, mas s\u00e3o esquecidas.<br \/>\n<strong>Realidade<\/strong><br \/>\nA sociedade brasileira n\u00e3o conseguiu, at\u00e9 hoje, fazer uma op\u00e7\u00e3o cidad\u00e3. Nossa op\u00e7\u00e3o tem sido a de nos habituarmos a conviver com a pobreza, como parte de nossa paisagem urbana, e com um sal\u00e1rio m\u00ednimo de R$ 724,00 para uma grande massa de brasileiros.<\/p>\n<p>Perto do centro da cidade e da Prefeitura, fam\u00edlias esperam por condi\u00e7\u00f5es que possibilitem a mudan\u00e7a do casebre mal iluminado, quase em ru\u00ednas, e a entrada no mercado de trabalho. S\u00e3o pessoas que precisam de emprego, educa\u00e7\u00e3o, seguran\u00e7a, sa\u00fade e servi\u00e7os p\u00fablicos.<\/p>\n<p><a href=\"http:\/\/tribunadeitapetinga.com.br\/media\/2014\/08\/10.jpg\" class=\"gallery_colorbox\"><img loading=\"lazy\" alt=\"10\" src=\"http:\/\/tribunadeitapetinga.com.br\/media\/2014\/08\/10-400x300.jpg\"  width=\"400\" height=\"300\" \/><\/a><\/p>\n<p><b>Minha opini\u00e3o<\/b><\/p>\n<p>Levando em considera\u00e7\u00e3o a nossa limitada capacidade de encontrar resposta para muitas perguntas que nos angustiam, o Tribuna de Itapetinga faz mais uma divulga\u00e7\u00e3o sobre o descaso social que parece perpetuar em nossa querida Itapetinga.<\/p>\n<p>A concentra\u00e7\u00e3o de renda na Bahia \u00e9 vergonhosa, e todos n\u00f3s sabemos disto, no entanto, poucas vezes pensamos sobre suas consequ\u00eancias, tendo em vista a naturaliza\u00e7\u00e3o, ou, dito de outra forma, a normalidade como vemos a dist\u00e2ncia que separam ricos e pobres. A Bahia nas \u00faltimas d\u00e9cadas teve a infelicidade de ser governada por um grupo que se achava e de fato era dono da Bahia. O enriquecimento daqueles que faziam parte deste grupo se deu de forma absurda e para isso o governo transformava o que era p\u00fablico a servi\u00e7o de interesses privados. N\u00e3o sou eu quem diz, e sim a hist\u00f3ria que se encarregou de registrar os atos dos, outrora, \u0093donos do poder.<!--more--><\/p>\n<p>Em se tratando da desigualdade social acentuada no munic\u00edpio de Itapetinga, \u00e9 lastim\u00e1vel retratar e expor a vida de fam\u00edlias que sobrevivem em condi\u00e7\u00f5es desumanas. E o motivo \u00e9 muito simples: A concentra\u00e7\u00e3o de renda. At\u00e9 quando vamos sofrer por causa do descaso e falta de compromisso daqueles que est\u00e3o no poder?<\/p>\n<p>No atual quadro social, abismos s\u00e3o abertos, verdadeiras fendas separam ricos e pobres, ricos de super ricos, de super ricos para milion\u00e1rios e outras diferen\u00e7as mais.<\/p>\n<p>Nesse prisma, n\u00e3o h\u00e1 mocinhos e vil\u00f5es. No pa\u00eds onde a popula\u00e7\u00e3o desconhece seus direitos, eventos esportivos s\u00e3o usados como divisor de \u00e1guas ou apaziguador fenom\u00eanico de aliena\u00e7\u00e3o, j\u00e1 que a popula\u00e7\u00e3o esteve com suas aten\u00e7\u00f5es focadas na Copa do Mundo enquanto o tempo est\u00e1 passando\u2026at\u00e9 l\u00e1, cabe a quest\u00e3o: Continuaremos miser\u00e1veis? Seremos pobres moderados? Ou inventaram uma varinha de cond\u00e3o que faz essa ab\u00f3bora gigante chamada Brasil se transformar em carruagem de luxo aos olhos do mundo, como se fosse f\u00e1cil resolver um problema secular?<\/p>\n<div>\n<p>\u00a0Texto\/ Rosane Leite<\/p>\n<\/div>\n","protected":false},"excerpt":{"rendered":"<p>A poucos metros do cora\u00e7\u00e3o de uma das cidades mais ricas do pa\u00eds e bonitas da Bahia fam\u00edlias vivem uma realidade fora do comum, amargam a pobreza e junto com ela o descaso do governo municipal.\u00a0 Em meio ao mar de investimentos prometidos pelo prefeito, o Tribuna encontrou fam\u00edlias vivendo em uma ilha de pobreza, [&hellip;]<\/p>\n","protected":false},"author":2,"featured_media":0,"comment_status":"open","ping_status":"open","sticky":false,"template":"","format":"standard","meta":{"_links_to":"","_links_to_target":""},"categories":[2,1,7,12],"tags":[],"_links":{"self":[{"href":"https:\/\/www.blogdotarugao.com.br\/v1\/wp-json\/wp\/v2\/posts\/13995"}],"collection":[{"href":"https:\/\/www.blogdotarugao.com.br\/v1\/wp-json\/wp\/v2\/posts"}],"about":[{"href":"https:\/\/www.blogdotarugao.com.br\/v1\/wp-json\/wp\/v2\/types\/post"}],"author":[{"embeddable":true,"href":"https:\/\/www.blogdotarugao.com.br\/v1\/wp-json\/wp\/v2\/users\/2"}],"replies":[{"embeddable":true,"href":"https:\/\/www.blogdotarugao.com.br\/v1\/wp-json\/wp\/v2\/comments?post=13995"}],"version-history":[{"count":2,"href":"https:\/\/www.blogdotarugao.com.br\/v1\/wp-json\/wp\/v2\/posts\/13995\/revisions"}],"predecessor-version":[{"id":13998,"href":"https:\/\/www.blogdotarugao.com.br\/v1\/wp-json\/wp\/v2\/posts\/13995\/revisions\/13998"}],"wp:attachment":[{"href":"https:\/\/www.blogdotarugao.com.br\/v1\/wp-json\/wp\/v2\/media?parent=13995"}],"wp:term":[{"taxonomy":"category","embeddable":true,"href":"https:\/\/www.blogdotarugao.com.br\/v1\/wp-json\/wp\/v2\/categories?post=13995"},{"taxonomy":"post_tag","embeddable":true,"href":"https:\/\/www.blogdotarugao.com.br\/v1\/wp-json\/wp\/v2\/tags?post=13995"}],"curies":[{"name":"wp","href":"https:\/\/api.w.org\/{rel}","templated":true}]}}