{"id":14004,"date":"2014-08-02T09:02:59","date_gmt":"2014-08-02T12:02:59","guid":{"rendered":"http:\/\/www.blogdotarugao.com.br\/v1\/?p=14004"},"modified":"2014-08-02T09:16:41","modified_gmt":"2014-08-02T12:16:41","slug":"ministro-da-saude-diz-que-brasileiros-nao-devem-temer-virus-ebola","status":"publish","type":"post","link":"https:\/\/www.blogdotarugao.com.br\/v1\/2014\/08\/02\/ministro-da-saude-diz-que-brasileiros-nao-devem-temer-virus-ebola\/","title":{"rendered":"Ministro da Sa\u00fade diz que brasileiros n\u00e3o devem temer v\u00edrus ebola"},"content":{"rendered":"<p style=\"text-align: center;\"><a href=\"http:\/\/www.blogdotarugao.com.br\/v1\/wp-content\/uploads\/2014\/08\/ebola.jpg\" class=\"gallery_colorbox\"><img loading=\"lazy\" class=\"aligncenter  wp-image-14011\" alt=\"ebola\" src=\"http:\/\/www.blogdotarugao.com.br\/v1\/wp-content\/uploads\/2014\/08\/ebola.jpg\"  width=\"621\" height=\"349\" srcset=\"https:\/\/www.blogdotarugao.com.br\/v1\/wp-content\/uploads\/2014\/08\/ebola.jpg 690w, https:\/\/www.blogdotarugao.com.br\/v1\/wp-content\/uploads\/2014\/08\/ebola-300x168.jpg 300w\" sizes=\"(max-width: 621px) 100vw, 621px\" \/><\/a><\/p>\n<p>O ministro da Sa\u00fade, Arthur Chioro, disse hoje (1\u00ba) que os fiscais de vigil\u00e2ncia sanit\u00e1ria nos portos, aeroportos e fronteiras do pa\u00eds est\u00e3o treinados para identificar, caso chegue ao pa\u00eds, qualquer pessoa com suspeita de cont\u00e1gio pelo v\u00edrus ebola. Segundo ele, no entanto, n\u00e3o h\u00e1 recomenda\u00e7\u00e3o espec\u00edfica nem risco de transmiss\u00e3o global do v\u00edrus.<\/p>\n<p>\u201cQueremos insistir: n\u00e3o h\u00e1 recomenda\u00e7\u00e3o e n\u00e3o h\u00e1 risco de transmiss\u00e3o global, segundo a Organiza\u00e7\u00e3o Mundial da Sa\u00fade [OMS]. Por enquanto, n\u00e3o h\u00e1 recomenda\u00e7\u00e3o de restri\u00e7\u00e3o de viagens. Os casos, em sua maioria, se localizam em pequenas localidades rurais\u201d, disse o ministro, ressaltando que os profissionais da \u00e1rea de sa\u00fade recebem diariamente os informes com recomenda\u00e7\u00f5es da OMS, que acompanha n\u00e3o apenas o ebola, mas todas as doen\u00e7as transmiss\u00edveis coletivamente.<!--more--><\/p>\n<p>A diretora-geral da OMS, Margaret Chan, disse hoje que o surto do v\u00edrus ebola est\u00e1 se expandindo mais rapidamente do que os esfor\u00e7os para control\u00e1-lo e que, se a situa\u00e7\u00e3o piorar, as consequ\u00eancias \u201cpodem ser catastr\u00f3ficas\u201d, com risco de propaga\u00e7\u00e3o para outros pa\u00edses. A diretora adiantou que alguns pa\u00edses ter\u00e3o que impor restri\u00e7\u00f5es de locomo\u00e7\u00e3o e para reuni\u00f5es p\u00fablicas, dependendo da situa\u00e7\u00e3o epidemiol\u00f3gica.<\/p>\n<p>Chioro explicou que a epidemia de ebola na Lib\u00e9ria, em Serra Leoa e na Guin\u00e9 tem rela\u00e7\u00e3o com as situa\u00e7\u00f5es de conflito nesses pa\u00edses, com dificuldade das equipes chegarem aos pacientes e at\u00e9 com tradi\u00e7\u00f5es culturais desses pa\u00edses, como os rituais f\u00fanebres e outras cren\u00e7as, como a recusa em lacrar os caix\u00f5es, o que propicia o contato com secre\u00e7\u00f5es de cad\u00e1veres.<\/p>\n<p>O ministro disse que os brasileiros que viajam para os pa\u00edses afetados pela epidemia devem seguir todas as recomenda\u00e7\u00f5es das autoridades locais, mas que n\u00e3o h\u00e1, por enquanto, nenhuma orienta\u00e7\u00e3o para a interrup\u00e7\u00e3o de viagens ou voos. \u201c\u00c9 importante que tomem os cuidados que chamamos de biosseguran\u00e7a: n\u00e3o entrar em contato com secre\u00e7\u00e3o, com v\u00f4mito\u201d, explicou.<\/p>\n<p>Ontem, a OMS anunciou a cria\u00e7\u00e3o de um fundo de US$ 100 milh\u00f5es para combater o surto do v\u00edrus ebola na Lib\u00e9ria, em Serra Leoa e na Guin\u00e9, que j\u00e1 matou 729 pessoas. At\u00e9 ontem, a Guin\u00e9 j\u00e1 havia registrado 460 casos (336 confirmados, 109 prov\u00e1veis, 15 suspeitos) e 339 mortes; e a Lib\u00e9ria, 329 casos (100 confirmados, 128 prov\u00e1veis, 101 suspeitos) e 156 mortes. A Nig\u00e9ria teve somente um registro (caso de prov\u00e1vel morte pela doen\u00e7a, ainda por confirmar). Em Serra Leoa, de 533 casos notificados, 473 foram confirmados, 38 considerados prov\u00e1veis e 22 suspeitos. Houve 233 mortes.<\/p>\n","protected":false},"excerpt":{"rendered":"<p>O ministro da Sa\u00fade, Arthur Chioro, disse hoje (1\u00ba) que os fiscais de vigil\u00e2ncia sanit\u00e1ria nos portos, aeroportos e fronteiras do pa\u00eds est\u00e3o treinados para identificar, caso chegue ao pa\u00eds, qualquer pessoa com suspeita de cont\u00e1gio pelo v\u00edrus ebola. Segundo ele, no entanto, n\u00e3o h\u00e1 recomenda\u00e7\u00e3o espec\u00edfica nem risco de transmiss\u00e3o global do v\u00edrus. \u201cQueremos [&hellip;]<\/p>\n","protected":false},"author":2,"featured_media":0,"comment_status":"open","ping_status":"open","sticky":false,"template":"","format":"standard","meta":{"_links_to":"","_links_to_target":""},"categories":[1,12],"tags":[],"_links":{"self":[{"href":"https:\/\/www.blogdotarugao.com.br\/v1\/wp-json\/wp\/v2\/posts\/14004"}],"collection":[{"href":"https:\/\/www.blogdotarugao.com.br\/v1\/wp-json\/wp\/v2\/posts"}],"about":[{"href":"https:\/\/www.blogdotarugao.com.br\/v1\/wp-json\/wp\/v2\/types\/post"}],"author":[{"embeddable":true,"href":"https:\/\/www.blogdotarugao.com.br\/v1\/wp-json\/wp\/v2\/users\/2"}],"replies":[{"embeddable":true,"href":"https:\/\/www.blogdotarugao.com.br\/v1\/wp-json\/wp\/v2\/comments?post=14004"}],"version-history":[{"count":3,"href":"https:\/\/www.blogdotarugao.com.br\/v1\/wp-json\/wp\/v2\/posts\/14004\/revisions"}],"predecessor-version":[{"id":14013,"href":"https:\/\/www.blogdotarugao.com.br\/v1\/wp-json\/wp\/v2\/posts\/14004\/revisions\/14013"}],"wp:attachment":[{"href":"https:\/\/www.blogdotarugao.com.br\/v1\/wp-json\/wp\/v2\/media?parent=14004"}],"wp:term":[{"taxonomy":"category","embeddable":true,"href":"https:\/\/www.blogdotarugao.com.br\/v1\/wp-json\/wp\/v2\/categories?post=14004"},{"taxonomy":"post_tag","embeddable":true,"href":"https:\/\/www.blogdotarugao.com.br\/v1\/wp-json\/wp\/v2\/tags?post=14004"}],"curies":[{"name":"wp","href":"https:\/\/api.w.org\/{rel}","templated":true}]}}